{"id":6041,"date":"2025-12-08T03:09:30","date_gmt":"2025-12-08T02:09:30","guid":{"rendered":"http:\/\/skalickyobzor.sk\/cms\/?p=6041"},"modified":"2025-12-08T23:12:18","modified_gmt":"2025-12-08T22:12:18","slug":"tak-si-myslim-ze-historia-sa-opakuje","status":"publish","type":"post","link":"http:\/\/skalickyobzor.sk\/cms\/tak-si-myslim-ze-historia-sa-opakuje\/","title":{"rendered":"Tak si mysl\u00edm, \u017ee hist\u00f3ria sa opakuje"},"content":{"rendered":"<p>Ned\u00e1vno sme si pripomenuli novembrov\u00fd sviatok \u0161tudentstva, ale najm\u00e4 36 rokov slobody.<\/p>\n<p>Z\u00e1rove\u0148 sme si na Slovensku aj v Skalici, urobili mal\u00fa divadeln\u00fa sk\u00fa\u0161ku z dej\u00edn. Kulisy boli pripraven\u00e9, herci nast\u00fapen\u00ed. Niektor\u00ed mali dokonca aj pokorn\u00e9 v\u00fdrazy \u2014 tak\u00e9 tie nacvi\u010den\u00e9, \u010do sa pou\u017e\u00edvaj\u00fa pri pomn\u00edkoch a na fotk\u00e1ch do kroniky. Ale my vid\u00edme do z\u00e1kulisia a odtia\u013e je obraz jasn\u00fd.<\/p>\n<p>Trpk\u00e9 udalosti posledn\u00fdch dn\u00ed v Skalici ma prin\u00fatili spom\u00edna\u0165 na november \u201989 ove\u013ea intenz\u00edvnej\u0161ie ne\u017e po in\u00e9 roky. Mo\u017eno je to t\u00fdm krik\u013eav\u00fdm rozporom, ktor\u00fd dnes tak jasne vid\u00edm \u2013 t\u00ed, ktor\u00ed dr\u017eia moc v ruk\u00e1ch na Slovensku, sa kla\u0148aj\u00fa pri pomn\u00edkoch revol\u00facie. T\u00ed, ktor\u00ed dr\u017eia moc v Skalici, sa kla\u0148ali pred Antonom Srholcom \u2014 \u010dlovekom, ktor\u00fd s odvahou bojoval za slobodu a je symbolom hodn\u00f4t, ktor\u00e9 oni sami v ka\u017edodennom \u017eivote po\u0161liapavaj\u00fa. V ich gest\u00e1ch je navonok ve\u013ea pokory, no m\u00e1lo \u00facty k \u013eu\u010fom, k pravde a k spravodlivosti. Navonok pokora, v skutkoch arogancia. C\u00edtim ve\u013ek\u00e9 sklamanie a sm\u00fatok\u2026<\/p>\n<p>Spom\u00ednam na november \u201989. Pred 36 rokmi som bola mlad\u00e1, kritick\u00e1 \u0161tudentka a\u00a0odv\u00e1\u017ene som st\u00e1la na n\u00e1mest\u00ed, pln\u00e1 ide\u00e1lov. St\u00e1la som na n\u00e1mest\u00ed a\u00a0verila som, \u017ee ke\u010f u\u017e raz strhneme oponu, tak za \u0148ou kone\u010dne n\u00e1jdeme \u010dist\u00e9 javisko. A\u017e nesk\u00f4r som pochopila, \u017ee divadlo men\u00ed kulisy r\u00fdchlo, ale hereck\u00fd s\u00fabor ost\u00e1va \u010dasto ten ist\u00fd. Len sa menia masky.<\/p>\n<p>S pocitom n\u00e1deje som vtedy vykro\u010dila do \u017eivota. A postupne som pochopila, \u017ee to cel\u00e9 nie je len o type zriadenia, v ktorom \u017eijeme, ale najm\u00e4 o\u00a0\u013eu\u010foch a\u00a0ich mor\u00e1lke. O\u00a0ich charaktere. A\u00a0nielen u\u00a0t\u00fdch, ktor\u00ed sa dostan\u00fa k\u00a0moci. Za\u010d\u00edna to aj kon\u010d\u00ed u\u00a0ka\u017ed\u00e9ho z\u00a0n\u00e1s. V\u00a0ka\u017edodenn\u00fdch drobn\u00fdch rozhodnutiach, v\u00a0ktor\u00fdch nesmieme zr\u00e1dza\u0165 svoje hodnoty. Lebo sloboda nie je jednorazov\u00fd akt \u2014 je to ka\u017edodenn\u00e1 sk\u00fa\u0161ka.<\/p>\n<p>Ke\u010f sa d\u00edvam na dne\u0161ok cez tento satirick\u00fd filter minulosti, vid\u00edm, \u017ee n\u00e1s mo\u017eno \u010dak\u00e1 e\u0161te nieko\u013eko novembrov, osmi\u010diek, aj celkom nov\u00fdch diel, ktor\u00e9 e\u0161te len p\u00ed\u0161eme. M\u00f4\u017eeme ich zahra\u0165 bu\u010f ako tragikom\u00e9diu, alebo ako dr\u00e1mu s\u00a0pointou. Je to na n\u00e1s.<\/p>\n<p>Dnes som realistka, vid\u00edm potemkinovsk\u00e9 kulisy aj \u0161n\u00fary, ktor\u00e9 dr\u017eia hercov. No ide\u00e1ly vo mne e\u0161te \u017eij\u00fa a\u00a0st\u00e1le sa ich u\u010d\u00edm \u017ei\u0165.<\/p>\n<p><em>S\u00a0\u00factou<\/em><br \/>\n<em>nevzd\u00e1vaj\u00faca sa<\/em><br \/>\n<em>\u017delm\u00edra Mach\u00e1\u010dkov\u00e1<\/em><\/p>\n","protected":false},"excerpt":{"rendered":"<div class=\"mh-excerpt\"><p>Ned\u00e1vno sme si pripomenuli novembrov\u00fd sviatok \u0161tudentstva, ale najm\u00e4 36 rokov slobody. Z\u00e1rove\u0148 sme si na Slovensku aj v Skalici, urobili mal\u00fa divadeln\u00fa sk\u00fa\u0161ku z dej\u00edn. Kulisy boli pripraven\u00e9, herci nast\u00fapen\u00ed. Niektor\u00ed mali dokonca aj <a class=\"mh-excerpt-more\" href=\"http:\/\/skalickyobzor.sk\/cms\/tak-si-myslim-ze-historia-sa-opakuje\/\" title=\"Tak si mysl\u00edm, \u017ee hist\u00f3ria sa opakuje\">[&#8230;]<\/a><\/p>\n<\/div>","protected":false},"author":2,"featured_media":241,"comment_status":"closed","ping_status":"closed","sticky":false,"template":"","format":"standard","meta":{"footnotes":""},"categories":[3],"tags":[],"class_list":{"0":"post-6041","1":"post","2":"type-post","3":"status-publish","4":"format-standard","5":"has-post-thumbnail","7":"category-tak-si-myslim"},"_links":{"self":[{"href":"http:\/\/skalickyobzor.sk\/cms\/wp-json\/wp\/v2\/posts\/6041","targetHints":{"allow":["GET"]}}],"collection":[{"href":"http:\/\/skalickyobzor.sk\/cms\/wp-json\/wp\/v2\/posts"}],"about":[{"href":"http:\/\/skalickyobzor.sk\/cms\/wp-json\/wp\/v2\/types\/post"}],"author":[{"embeddable":true,"href":"http:\/\/skalickyobzor.sk\/cms\/wp-json\/wp\/v2\/users\/2"}],"replies":[{"embeddable":true,"href":"http:\/\/skalickyobzor.sk\/cms\/wp-json\/wp\/v2\/comments?post=6041"}],"version-history":[{"count":2,"href":"http:\/\/skalickyobzor.sk\/cms\/wp-json\/wp\/v2\/posts\/6041\/revisions"}],"predecessor-version":[{"id":6051,"href":"http:\/\/skalickyobzor.sk\/cms\/wp-json\/wp\/v2\/posts\/6041\/revisions\/6051"}],"wp:featuredmedia":[{"embeddable":true,"href":"http:\/\/skalickyobzor.sk\/cms\/wp-json\/wp\/v2\/media\/241"}],"wp:attachment":[{"href":"http:\/\/skalickyobzor.sk\/cms\/wp-json\/wp\/v2\/media?parent=6041"}],"wp:term":[{"taxonomy":"category","embeddable":true,"href":"http:\/\/skalickyobzor.sk\/cms\/wp-json\/wp\/v2\/categories?post=6041"},{"taxonomy":"post_tag","embeddable":true,"href":"http:\/\/skalickyobzor.sk\/cms\/wp-json\/wp\/v2\/tags?post=6041"}],"curies":[{"name":"wp","href":"https:\/\/api.w.org\/{rel}","templated":true}]}}