{"id":622,"date":"2018-04-02T01:00:57","date_gmt":"2018-04-01T23:00:57","guid":{"rendered":"http:\/\/skalickyobzor.sk\/cms\/?p=622"},"modified":"2018-05-14T12:13:15","modified_gmt":"2018-05-14T10:13:15","slug":"mam-rada-miesta-kde-je-ticho","status":"publish","type":"post","link":"http:\/\/skalickyobzor.sk\/cms\/mam-rada-miesta-kde-je-ticho\/","title":{"rendered":"M\u00e1m rada miesta, kde je ticho"},"content":{"rendered":"<p>Mo\u017eno pr\u00e1ve preto m\u00e1 rada miesta, kde je ticho, lebo jej svetom je zvuk a\u00a0 priamo ten naju\u0161\u013eachtilej\u0161\u00ed \u2013 opern\u00fd spev. Eva Blahov\u00e1 je roden\u00e1 Skali\u010danka a\u00a0\u010destn\u00e1 ob\u010dianka n\u00e1\u0161ho mesta, pokra\u010dovate\u013eka jedn\u00e9ho z\u00a0 najv\u00fdznamnej\u0161\u00edch miestnych rodov. \u017dena, ktor\u00e1 sa cel\u00fd \u017eivot venuje spevu a\u00a0 skuto\u010dn\u00fa v\u00e1\u0161e\u0148 na\u0161la v\u00a0 jeho u\u010den\u00ed. Jej rukami pre\u0161li viacer\u00ed v\u00fdznamn\u00ed opern\u00ed s\u00f3listi dne\u0161nej doby a\u00a0jej pr\u00e1cu ocenili po celom svete &#8211; umelci, profesori aj prezidenti.<\/p>\n<p><!--more--><\/p>\n<h4>Ste ve\u013emi akt\u00edvna \u017eena. \u010co v\u00e1s vie najviac vystresova\u0165?<\/h4>\n<p>Slovo stres sa na\u0161\u0165astie vyskytovalo v\u00a0 mojom slovn\u00edku len zriedkavo. Prv\u00fd som za\u017eila a\u017e okolo \u0161es\u0165desiatky. V\u00a0 problematick\u00fdch situ\u00e1ci\u00e1ch, \u010di pod tlakom som bola rad\u0161ej ticho. Sna\u017e\u00edm sa veci v\u017edy sk\u00f4r premyslie\u0165, nevybuchn\u00fa\u0165, neun\u00e1hli\u0165 sa.<\/p>\n<h4>Napriek vy\u0161\u0161iemu veku ste ve\u013emi dynamick\u00e1 s\u00a0 energick\u00fdm prejavom. Ste tak pr\u00edsna na seba a\u00a0na svoju \u017eivotospr\u00e1vu?<\/h4>\n<p>Zvl\u00e1\u0161tnu \u017eivotospr\u00e1vu nem\u00e1m. Dlh\u00e9 roky som ne\u0161portovala, hoci v\u00a0 mladosti som chodila do Sokola na \u0161portov\u00fa gymnastiku. Svoju pomerne dobr\u00fa kond\u00edciu sk\u00f4r pripisujem genetike. Spev okysli\u010duje cel\u00fd organizmus, preto\u017ee my, spev\u00e1ci, d\u00fdchame inak ako be\u017en\u00ed \u013eudia. Pou\u017e\u00edvame abdomin\u00e1lne, bru\u0161n\u00e9 svalstvo, \u010do je ve\u013emi zdrav\u00e9.<\/p>\n<h4>Mysl\u00edte, \u017ee v\u00e1s viac formovali g\u00e9ny alebo rodina ako tak\u00e1? Prostredie a\u00a0 \u017eivot Blahovcov predsa len neboli be\u017en\u00e9.<\/h4>\n<p>Mo\u017eno to bolo aj t\u00fdm, \u017ee som mala okolo seba \u00faspe\u0161n\u00fdch \u013eud\u00ed a\u00a0videla som o\u00a0 \u010do sa v\u00a0 \u017eivote sna\u017eia. Boli to moje vzory. M\u00f4j otec sa priatelil s\u00a0 elitou &#8211; maliarmi, dirigentmi, soch\u00e1rmi, b\u00e1snikmi a\u00a0 medzi nimi som sa \u010dasto pohybovala. Pre cel\u00fa na\u0161u rodinu bol najv\u00e4\u010d\u0161ou motiv\u00e1ciou n\u00e1\u0161 stare\u010dek Mudr. Pavel Blaho (\u010dlen prvej do\u010dasnej \u010ceskoslovenskej vl\u00e1dy, pozn. red.). \u010co on dok\u00e1zal za \u0161es\u0165desiat rokov, to je unik\u00e1tne a\u00a0navy\u0161e mal aj ve\u013emi dobr\u00fa povahu. Bol to \u010dlovek s\u00a0ve\u013ek\u00fdm optimizmom a\u00a0 vierou v\u00a0 dobro. To bola ve\u013ek\u00e1 motiv\u00e1cia aj pre otca, ktor\u00fd sa tie\u017e sna\u017eil dok\u00e1za\u0165 prospe\u0161n\u00e9 veci, ve\u010f ke\u010f bol stare\u010dek poslanec uhorsk\u00e9ho snemu, to u\u017e nie\u010do znamenalo. Dodnes \u017eije jeho meno.<\/p>\n<p>Mo\u017eno to bolo aj v\u00a0tom, \u017ee som vyrastala v\u00a0nie naj\u013eah\u0161ej dobe. Viem, ak\u00e9 to bolo, ke\u010f otec nemohol vycestova\u0165, preto\u017ee mu emigroval brat. Hoci mal r\u00f4zne ponuky a\u00a0 pr\u00e1ve vtedy bol v\u00a0 najlep\u0161ej forme. Raz mi povedal: \u201eVie\u0161, preto\u017ee som bol jeden z\u00a0najlep\u0161\u00edch, tak som mal robotu napriek dobe, ale ke\u010f si podpriemern\u00fd alebo v\u00a0priemere, tak m\u00f4\u017ee\u0161 ma\u0165 probl\u00e9m.\u201c Preto som sa aj ja u\u017e v\u00a0 \u0161kole sna\u017eila u\u010di\u0165 \u010do najlep\u0161ie.<\/p>\n<p><a href=\"http:\/\/skalickyobzor.sk\/cms\/wp-content\/uploads\/2018\/03\/Page-4-Image-5.jpg\"><img loading=\"lazy\" decoding=\"async\" class=\"aligncenter size-full wp-image-621\" src=\"http:\/\/skalickyobzor.sk\/cms\/wp-content\/uploads\/2018\/03\/Page-4-Image-5.jpg\" alt=\"\" width=\"354\" height=\"592\" srcset=\"http:\/\/skalickyobzor.sk\/cms\/wp-content\/uploads\/2018\/03\/Page-4-Image-5.jpg 354w, http:\/\/skalickyobzor.sk\/cms\/wp-content\/uploads\/2018\/03\/Page-4-Image-5-179x300.jpg 179w\" sizes=\"auto, (max-width: 354px) 100vw, 354px\" \/><\/a><\/p>\n<p>Chodila som s\u00fakromne na nem\u010dinu, angli\u010dtinu, na gymn\u00e1ziu som mala latinu. Na vysokej \u0161kole talian\u010dinu, franc\u00faz\u0161tinu. V\u00a0 opere SND som tr\u00e1vila mno\u017estvo ve\u010derov a\u00a0 nevynechala som ani koncerty v\u00a0 slovenskej filharm\u00f3nii, \u010di komorn\u00e9 predpoludnia v\u00a0Mirbachu. U\u017e ako mlad\u00e1 som sa sna\u017eila do seba z\u00a0 kum\u0161tu nas\u00e1va\u0165 maximum, v\u0161etko, \u010do sa dalo.<\/p>\n<h4>Va\u0161a cesta jasne smerovala k\u00a0spevu. Ako ste sa dostali na pedagogick\u00fa dr\u00e1hu?<\/h4>\n<p>Niekedy v\u00e1s na in\u00e9 cesty zavedie n\u00e1hoda. Rok 1968 v\u00fdrazne pozna\u010dil ve\u013ea rod\u00edn aj jednotlivcov a\u00a0 ja som nebola v\u00fdnimka. Stretnutie so s\u00f3listkou SND Zitou Fre\u0161ovou na ulici v\u00a0 Bratislave a\u00a0 jej ponuka u\u010di\u0165 na katedre herectva a\u00a0 r\u00e9\u017eie bola neo\u010dak\u00e1van\u00e1. Neodmietla som ju. Prv\u00fdch dvan\u00e1s\u0165 rokov som str\u00e1vila v\u00a0spolo\u010dnosti v\u00fdznamn\u00fdch slovensk\u00fdch hercov a\u00a0re\u017eis\u00e9rov, ako Viliam Z\u00e1borsk\u00fd, Ladislav Chud\u00edk, Mikul\u00e1\u0161 Huba, Karol Zachar, Jozef Budsk\u00fd, Milo\u0161 Pietor, Tibor Rakovsk\u00fd, Du\u0161an Jamrich a\u00a0mnoh\u00ed \u010fal\u0161\u00ed.<\/p>\n<p>Samozrejme, moja koncertn\u00e1 \u010dinnos\u0165 pokra\u010dovala aj popri pedagogickej \u010dinnosti, \u010do mi nesmierne pom\u00e1halo v\u00a0mojej celo\u017eivotnej pedagogickej pr\u00e1ci. Pr\u00e1ve aj v\u010faka m\u00f4jmu umeleck\u00e9mu \u00fa\u010dinkovania v\u00a0 Eur\u00f3pe, Amerike a\u00a0 Japonsku som dostala zauj\u00edmav\u00e9 ponuky ako pedag\u00f3g alebo ako \u010dlen medzin\u00e1rodn\u00fdch por\u00f4t.<\/p>\n<h4>Je nepochybn\u00e9, \u017ee vynikaj\u00faci spev\u00e1k mus\u00ed ma\u0165 talent. Aby niekto v\u00fdnimo\u010dne dobre u\u010dil, sta\u010d\u00ed, aby bol dobr\u00fdm spev\u00e1kom. Alebo mus\u00ed ma\u0165 talent na u\u010denie?<\/h4>\n<p>Asi oboje. Ve\u013ea vynikaj\u00facich spev\u00e1kov v\u00f4bec nevie u\u010di\u0165. Talent je d\u00f4le\u017eit\u00fd v\u017edy, ide\u00e1lne je, ak m\u00e1 niekto talent a\u00a0je aj \u0161ikovn\u00fd a\u00a0pracovit\u00fd. Vynikaj\u00face v\u00fdsledky m\u00f4\u017eu dosiahnu\u0165 aj \u013eudia, ktor\u00fdch talent na za\u010diatku nebol tak presved\u010div\u00fd, av\u0161ak v\u010faka svojej usilovnosti, pracovitosti a\u00a0v\u00fddr\u017ei sa prepracovali na v\u00fdznamn\u00e9 opern\u00e9 javisk\u00e1 a\u00a0 sc\u00e9ny. Tam vid\u00edm v\u00fdrazn\u00fa paralelu medzi umen\u00edm a\u00a0\u0161portom.<\/p>\n<h4>U\u010d\u00edte spev po celom svete. Vid\u00edte rozdiely v\u00a0 samotnom u\u010den\u00ed a\u00a0 pr\u00edstupe \u0161tudentov, napr\u00edklad medzi Eur\u00f3pou a\u00a0\u00c1ziou?<\/h4>\n<p>Ur\u010dite. Japoncovi, ke\u010f poviem, \u017ee toto bude tak, tak to tak aj je. Ak poviem \u201em\u00f4\u017ee\u0161 sa pozrie\u0165 na t\u00fato \u00e1riu\u201c, na druh\u00fd de\u0148 pr\u00edde a\u00a0vie ju. U n\u00e1s \u0161tudenti na druh\u00fd de\u0148 nemaj\u00fa ani noty, preto\u017ee ich nena\u0161li! Je ve\u013ek\u00fd rozdiel v\u00a0pr\u00edstupe k\u00a0\u0161t\u00fadiu napr\u00edklad medzi Slovanmi a\u00a0Japoncami. Otvorili sme sa svetu, pre v\u0161etk\u00fdch pri\u0161li nov\u00e9 mo\u017enosti. Aj na\u0161a opera je u\u017e kozmopolitn\u00e1, spieva tu tie\u017e ve\u013ea cudzincov. Pripad\u00e1 mi to, akoby si to na\u0161i mlad\u00ed \u013eudia dostato\u010dne neuvedomovali. Uspie\u0165 dnes m\u00f4\u017eu len najlep\u0161\u00ed z\u00a0najlep\u0161\u00edch. Preto pr\u00e1ve s\u00a0Aziatmi pracujem ve\u013emi rada, preto\u017ee t\u00fdm, \u017ee je u\u00a0nich ve\u013ek\u00e1 konkurencia, s\u00fa u\u017e od detstva nau\u010den\u00ed dosahova\u0165 svoje ciele s\u00a0ve\u013ek\u00fdm vynalo\u017een\u00edm s\u00edl. Okrem in\u00e9ho s\u00fa tie\u017e veden\u00ed k\u00a0 ve\u013ek\u00e9mu re\u0161pektu pred rodi\u010dmi a\u00a0u\u010dite\u013emi.<\/p>\n<h4>Ste zn\u00e1ma viac v\u00a0 zahrani\u010d\u00ed ako na Slovensku. Mo\u017eno slovensk\u00e1 opern\u00e1 sc\u00e9na pri\u0161la o\u00a0 mnoho ochudobnen\u00edm o\u00a0 va\u0161e pedagogick\u00e9 vedenie&#8230;<\/h4>\n<p>Vedela som, \u017ee sa mus\u00edm presadi\u0165 vonku. Viete, ako to je, ke\u010f sa hovor\u00ed \u201eaha, Blahova dc\u00e9ra, to bude protek\u010dn\u00e9 die\u0165a\u201c. Chcela som uspie\u0165 v\u00a0zahrani\u010d\u00ed sama za seba a\u00a0to sa mi podarilo. Av\u0161ak m\u0148a ani tak moje \u00faspechy nete\u0161ia. V\u017edy mi i\u0161lo o\u00a0 to, aby dobre spievali moji \u017eiaci. Cez nich som sa stala \u00faspe\u0161n\u00e1 aj ja, ako pedag\u00f3g. To je myln\u00e1 filozofia, ke\u010f si poviete, \u017ee chcete ma\u0165 ako pedag\u00f3g \u00faspech a\u00a0 tak sa mus\u00edte zvidite\u013eni\u0165. Nie. Musia v\u00e1s zvidite\u013eni\u0165 \u00faspechy va\u0161ich zverencov. Napr\u00edklad robila som s\u00a0\u00f4smimi Japoncami a\u00a0 v\u0161etci spievali na opern\u00fdch javisk\u00e1ch v\u00a0Eur\u00f3pe.<\/p>\n<p>M\u00f4j \u017eiak Takuya Fujita je moment\u00e1lne najlep\u0161\u00ed tenor v\u00a0Japonsku. S\u00a0mnoh\u00fdmi \u0161tudentami som st\u00e1le v\u00a0kontakte, volaj\u00fa mi, prich\u00e1dzaj\u00fa na moje majstrovsk\u00e9 kurzy. Na umeleck\u00e9 vedenie som dostala ponuku v\u00a0 \u010ceskej republike, kde som aj s\u00a0 ve\u013ekou rados\u0165ou takmer \u0161tyri roky ako \u0161\u00e9fka viedla Jan\u00e1\u010dkov\u00fa operu v\u00a0 N\u00e1rodnom divadle v\u00a0Brne. Bolo to jedno z\u00a0najkraj\u0161\u00edch obdob\u00ed m\u00f4jho \u017eivota.<\/p>\n<h4>Za va\u0161u pr\u00e1cu v\u00e1m bolo udelen\u00fdch mnoho vyznamenan\u00ed a\u00a0 ocenen\u00ed. Pravdepodobne s\u00fa pre v\u00e1s v\u0161etky v\u00fdznamn\u00e9, s\u00fa v\u0161ak medzi nimi niektor\u00e9, ktor\u00e9 si predsa len cen\u00edte najviac?<\/h4>\n<p>Mysl\u00edm, \u017ee som jedinou \u017eenou na Slovensku, ktor\u00e1 m\u00e1 \u0161t\u00e1tne vyznamenania od troch prezidentov. Vo F\u00ednsku som u\u010dila osem rokov, p\u00e4tn\u00e1s\u0165 F\u00ednok u\u00a0 m\u0148a urobilo aj titul Masters. Od f\u00ednskej prezidentky, pani Tarje Halonen, som dostala \u0161t\u00e1tne vyznamenanie Rytier f\u00ednskeho leva. Rad \u013dudov\u00edta \u0160t\u00fara druh\u00e9ho stup\u0148a mi udelil prezident Ga\u0161parovi\u010d a\u00a0 \u0161t\u00e1tne vyznamenanie som dostala od rak\u00faskeho prezidenta Heinza Fischera za dlhoro\u010dn\u00fa pedagogick\u00fa \u010dinnos\u0165 v\u00a0Rak\u00fasku.<\/p>\n<h4>Svet je pre v\u00e1s ve\u013ek\u00e9 pracovisko aj\u00a0miesto pre \u017eivot. M\u00e1te v\u00a0 \u0148om svoje ob\u013e\u00faben\u00e9 miesta?<\/h4>\n<p>Moje deti to s\u00edce neradi po\u010duj\u00fa, ale ja ve\u013emi rada chod\u00edm na cintor\u00edny. Po celom svete. Napr\u00edklad som bola pozrie\u0165 Kennedyho hrob vo Washingtone alebo par\u00ed\u017esky Pere Lachaise, kde som h\u013eadala hrob Yvesa Montanda alebo hroby Paganiniho v\u00a0 Janove, Nellie Melba, sl\u00e1vnej spev\u00e1\u010dky v\u00a0 Austr\u00e1lii, \u010cajkovsk\u00e9ho v\u00a0 Petrohrade, \u010di Verdiho pri Bussete. M\u00e1m rada miesta, kde je ticho, aj preto som mala v\u00a0 Japonsku rada zenov\u00e9 kl\u00e1\u0161tory. Vyliezla som aj na najv\u00e4\u010d\u0161iu sochu Budhu v\u00a0 \u00c1zii pri Hongkongu. Cintor\u00edny m\u00e1m rada aj preto, \u017ee je ve\u013emi d\u00f4le\u017eit\u00e9 pripom\u00edna\u0165 si t\u00fdch, \u010do tu boli pred nami. Mysl\u00edm si, \u017ee \u010dlovek si mus\u00ed uvedomi\u0165, \u017ee sme len ohnivko v\u00a0re\u0165azi a\u00a0v\u0161etko nadv\u00e4zuje jedno na druh\u00e9. A\u00a0tie\u017e, \u017ee aj talent a\u00a0danosti m\u00e1me po niekom, kto tu u\u017e bol pred nami. \u010casto mysl\u00edm na moje pratety, prababi\u010dky, pradedov. M\u00e1m k\u00a0nim \u00factu.<\/p>\n<h4>Cnie sa v\u00e1m na cest\u00e1ch za domovom? Kde sa vlastne c\u00edtite najviac doma?<\/h4>\n<p>Ve\u013ea sa stret\u00e1vam s\u00a0\u013eu\u010fmi, ktor\u00ed sa vys\u0165ahovali. Svojim sp\u00f4sobom ich obdivujem, preto\u017ee aj ke\u010f som sa vynikaj\u00faco c\u00edtila v\u00a0Austr\u00e1lii &#8211; je to skuto\u010dne krajina, kde sa oplat\u00ed \u017ei\u0165 a\u00a0najm\u00e4 narodi\u0165 sa \u2013 tak ja by som tam \u017ei\u0165 nevedela. M\u0148a to \u0165ah\u00e1 domov. Ke\u010f som v\u00a0 obdob\u00ed po roku 1968 \u0161tudovala vo Viedni, ani mi nenapadlo, \u017ee by som tam zostala. Dnes som doma v\u00a0 Bratislave, ale rada sa vraciam za dc\u00e9rou do Skalice, kde som sa narodila. Som ve\u013emi rada, \u017ee Lucka \u017eije v\u00a0 Skalici, lebo z\u00a0Blahovej rodiny tam u\u017e nikto nie je. Ke\u010f vyjdem do z\u00e1hrady, tak som ve\u013emi \u0161\u0165astn\u00e1. S\u00fa v\u00a0nej star\u00e9 stromy, ktor\u00e9 sadil e\u0161te stare\u010dek. Spomienky na \u013eud\u00ed st\u00e1le zost\u00e1vaj\u00fa.<\/p>\n<pre>EVA BLAHOV\u00c1\r\n\r\nUniverzitn\u00e1 profesorka, naroden\u00e1 v\u00a0 roku 1944 v\u00a0 Skalici. Je dc\u00e9rou prv\u00e9ho profesion\u00e1lneho opern\u00e9ho spev\u00e1ka na Slovensku Janka Blaha. Je pedagogi\u010dkou viacer\u00fdch \u00faspe\u0161n\u00fdch spev\u00e1kov, napr\u00edklad Magdal\u00e9ny Ko\u017eenej. Pedagogicky aj umelecky p\u00f4sobila na piatich kontinentoch. Za svoju pr\u00e1cu z\u00edskala viacer\u00e9 medzin\u00e1rodn\u00e9 vyznamenania.<\/pre>\n","protected":false},"excerpt":{"rendered":"<div class=\"mh-excerpt\"><p>Mo\u017eno pr\u00e1ve preto m\u00e1 rada miesta, kde je ticho, lebo jej svetom je zvuk a\u00a0 priamo ten naju\u0161\u013eachtilej\u0161\u00ed \u2013 opern\u00fd spev. Eva Blahov\u00e1 je roden\u00e1 Skali\u010danka a\u00a0\u010destn\u00e1 ob\u010dianka n\u00e1\u0161ho mesta, pokra\u010dovate\u013eka jedn\u00e9ho z\u00a0 najv\u00fdznamnej\u0161\u00edch miestnych <a class=\"mh-excerpt-more\" href=\"http:\/\/skalickyobzor.sk\/cms\/mam-rada-miesta-kde-je-ticho\/\" title=\"M\u00e1m rada miesta, kde je ticho\">[&#8230;]<\/a><\/p>\n<\/div>","protected":false},"author":3,"featured_media":623,"comment_status":"closed","ping_status":"closed","sticky":false,"template":"","format":"standard","meta":{"footnotes":""},"categories":[2],"tags":[],"class_list":{"0":"post-622","1":"post","2":"type-post","3":"status-publish","4":"format-standard","5":"has-post-thumbnail","7":"category-hlavna-tema"},"_links":{"self":[{"href":"http:\/\/skalickyobzor.sk\/cms\/wp-json\/wp\/v2\/posts\/622","targetHints":{"allow":["GET"]}}],"collection":[{"href":"http:\/\/skalickyobzor.sk\/cms\/wp-json\/wp\/v2\/posts"}],"about":[{"href":"http:\/\/skalickyobzor.sk\/cms\/wp-json\/wp\/v2\/types\/post"}],"author":[{"embeddable":true,"href":"http:\/\/skalickyobzor.sk\/cms\/wp-json\/wp\/v2\/users\/3"}],"replies":[{"embeddable":true,"href":"http:\/\/skalickyobzor.sk\/cms\/wp-json\/wp\/v2\/comments?post=622"}],"version-history":[{"count":1,"href":"http:\/\/skalickyobzor.sk\/cms\/wp-json\/wp\/v2\/posts\/622\/revisions"}],"predecessor-version":[{"id":624,"href":"http:\/\/skalickyobzor.sk\/cms\/wp-json\/wp\/v2\/posts\/622\/revisions\/624"}],"wp:featuredmedia":[{"embeddable":true,"href":"http:\/\/skalickyobzor.sk\/cms\/wp-json\/wp\/v2\/media\/623"}],"wp:attachment":[{"href":"http:\/\/skalickyobzor.sk\/cms\/wp-json\/wp\/v2\/media?parent=622"}],"wp:term":[{"taxonomy":"category","embeddable":true,"href":"http:\/\/skalickyobzor.sk\/cms\/wp-json\/wp\/v2\/categories?post=622"},{"taxonomy":"post_tag","embeddable":true,"href":"http:\/\/skalickyobzor.sk\/cms\/wp-json\/wp\/v2\/tags?post=622"}],"curies":[{"name":"wp","href":"https:\/\/api.w.org\/{rel}","templated":true}]}}