{"id":625,"date":"2018-04-02T00:59:38","date_gmt":"2018-04-01T22:59:38","guid":{"rendered":"http:\/\/skalickyobzor.sk\/cms\/?p=625"},"modified":"2018-05-14T12:13:28","modified_gmt":"2018-05-14T10:13:28","slug":"tak-si-myslim-ze-hadzeme-zodpovednost-za-svoj-zivot-na-inych","status":"publish","type":"post","link":"http:\/\/skalickyobzor.sk\/cms\/tak-si-myslim-ze-hadzeme-zodpovednost-za-svoj-zivot-na-inych\/","title":{"rendered":"Tak si mysl\u00edm, \u017ee h\u00e1d\u017eeme zodpovednos\u0165 za svoj \u017eivot na in\u00fdch"},"content":{"rendered":"<p>Asi v\u0161etci vn\u00edmame, \u017ee pre\u017e\u00edvame dni, ktor\u00e9 bud\u00fa v\u00a0hist\u00f3rii zap\u00edsan\u00e9 ve\u013ek\u00fdm p\u00edsmom. D\u00fafam. Ot\u00e1zkou zost\u00e1va, \u010di na ne budeme hrd\u00ed. Z\u00a0toho, \u010do sa v\u00a0t\u00fdchto d\u0148och deje, m\u00e1me toti\u017e zmie\u0161an\u00e9 pocity.<\/p>\n<p><!--more--><\/p>\n<p>V\u0161etk\u00fdm, ktor\u00ed sme akt\u00edvne za\u017eili 89. rok, ho s\u00fa\u010dasn\u00e9 dni silno pripom\u00ednaj\u00fa. T\u00ed, \u010do za\u017eili 68. rok, mo\u017eno c\u00edtia paralelu aj tam. A\u00a0u\u017e nie je medzi nami ve\u013ea t\u00fdch, \u010do akt\u00edvne za\u017eili nesl\u00e1vny 48. rok. Ist\u00e9 je, \u017ee nech je tento rok akoko\u013evek nechvaln\u00fd, patr\u00ed v\u00a0na\u0161ich dejin\u00e1ch tie\u017e k\u00a0zlomov\u00fdm a\u00a0nem\u00f4\u017eeme ho prehliada\u0165. V\u0161etky roky maj\u00fa jedno spolo\u010dn\u00e9 &#8211; s\u00fa kr\u00edzov\u00e9. Cyklicky sa v\u00a0 nich s\u00fa\u010dasne opakuje potreba hromadn\u00e9ho vych\u00e1dzania do ul\u00edc, sp\u00e1janie s\u00edl a\u00a0hlasov, a\u00a0 volanie po zmene \u010di prevrate. Sme ods\u00faden\u00ed k\u00a0nekone\u010dnosti tohto cyklu? Vyjadrovanie na\u0161ej nev\u00f4le v\u00a0 uliciach je v\u0161ak v\u017edy iba za\u010diatok. \u010ealeko d\u00f4le\u017eitej\u0161ie je, \u010do sa dialo, \u010di bude dia\u0165, ke\u010f v\u0161etko skon\u010d\u00ed. Na rozdiel od roku \u00b489 sme dos\u0165 skeptick\u00ed. Prekvapuj\u00fa ma, a\u00a0mrzia, v\u00fdroky typu \u201edoplatili sme u\u017e na jedno \u0161trnganie\u201c.<\/p>\n<p>I\u00a0ke\u010f sa zdaj\u00fa by\u0165 pravdiv\u00e9, kladiem si ot\u00e1zku pre\u010do sme dnes skon\u010dili s\u00a0t\u00fdmto pocitom? Ako sa n\u00e1m dnes \u0161trng\u00e1 znova? Ve\u010f si pam\u00e4t\u00e1m ako dnes, ke\u010f sme pred temer 30-mi rokmi, pln\u00ed mlad\u00edckych ide\u00e1lov, \u0161trngali k\u013e\u00fa\u010dmi a\u00a0svietili zapa\u013eova\u010dmi, veriac v\u00a0lep\u0161iu bud\u00facnos\u0165. Dnes tomu nie\u010do ch\u00fdba. Vtedy spolo\u010dnos\u0165 nebola polarizovan\u00e1 a\u00a0 v\u00e4\u010d\u0161ina n\u00e1roda mala jasn\u00fd cie\u013e \u2013 SLOBODN\u00c9 VO\u013dBY.<\/p>\n<p>Mali sme aj osobnosti, ku ktor\u00fdm sme vzhliadali a\u00a0ktor\u00e9 pon\u00fakali in\u00fa cestu. No, a\u00a0my sme im uverili, hlavne sme im presunuli zodpovednos\u0165 za na\u0161e \u017eivoty a\u00a0nechali sme ich kona\u0165. A\u00a0v\u00a0tom je asi ten probl\u00e9m. Postupne narastaj\u00facu nespokojnos\u0165 sme maxim\u00e1lne prejavili pri\u00a0 volebn\u00fdch urn\u00e1ch a\u00a0 pri poh\u00e1riku. Vinu za stav, v\u00a0ktorom sa nach\u00e1dzame, sme h\u00e1dzali a\u00a0 h\u00e1d\u017eeme na t\u00fdch hore. Av\u0161ak, to my sme \u010dlenmi tejto spolo\u010dnosti, my\u00a0tvor\u00edme dobu, na ktor\u00fa sa tak radi vyhov\u00e1rame.<\/p>\n<p>Dokia\u013e za \u0148u aj neprevezmeme zodpovednos\u0165, tak sa ve\u013ea nezmen\u00ed. A\u00a0 a\u017e si to prizn\u00e1me, otvor\u00ed sa priestor na zamyslenie sa nad t\u00fdm, kde sme urobili chybu a\u00a0ako ju napravi\u0165.<\/p>\n<p>V\u00a0 prvom rade sme uverili, \u017ee t\u00ed, ktor\u00fdm sme sa zverili do r\u00fak, bud\u00fa kona\u0165 pod\u013ea na\u0161ich potrieb. V\u00a0 il\u00fazii toho, \u017ee ke\u010f sme v\u0161etci spolu \u0161trngali, tak v\u0161etci chceme rovnak\u00e9 veci a\u00a0 \u017ei\u0165 pod\u013ea rovnak\u00fdch princ\u00edpov. Tak ve\u013emi sme t\u00fa\u017eili zvrhn\u00fa\u0165 komunistick\u00fa nadvl\u00e1du, \u017ee sme v\u00f4bec nevideli ako ve\u013emi sme rozdielni a\u00a0 ako rozdielne vid\u00edme svet. Dnes u\u017e sme sp\u00e4tne \u201em\u00fadrej\u0161\u00ed\u201c a\u00a0dokonca m\u00e1me to \u0161\u0165astie, \u017ee v\u00a0dne\u0161nej situ\u00e1cii to vid\u00edme hne\u010f. Vid\u00edme, \u017ee aj pri ve\u013ekej \u00fa\u010dasti v\u00a0 sprievodoch m\u00e1me na\u00a0 v\u00fdsledky rozdielne n\u00e1zory a\u00a0 vn\u00edmame situ\u00e1ciu rozdielne. Sme z\u00a0 toho rozpa\u010dit\u00ed, mo\u017eno ne\u0161\u0165astn\u00ed. Ja osobne som v\u0161ak za to v\u010fa\u010dn\u00e1, lebo iba hl\u00fapi by znova prepadli il\u00fazii, \u017ee v\u0161etko dobre dopadne bez na\u0161ej anga\u017eovanosti. Dnes v\u010faka tomu, \u017ee \u201evid\u00edme\u201c, n\u00e1s znepokojuje \u010do budeme robi\u0165 a\u017e pr\u00edde k\u00a0 zmene, nech bude ak\u00e1ko\u013evek.<\/p>\n<p>M\u00e1me toti\u017e pocit, \u017ee ani jeden mo\u017en\u00fd variant nie je celkom uspokojuj\u00faci. Mali by sme v\u0161ak by\u0165 v\u010fa\u010dn\u00ed, \u017ee situ\u00e1ciu vid\u00edme pravdivo a\u00a0 neklameme sam\u00fdch seba. S\u00fa\u010dasne by sme mali t\u00fato situ\u00e1ciu vn\u00edma\u0165 ako medzikrok. Kam? K\u00a0\u010fal\u0161\u00edm krokom. Ak\u00fdm? Ist\u00e9 je, k\u00a0 \u017eiadnym popul\u00e1rnym. Pom\u00f4\u017ee n\u00e1m pam\u00e4\u0165 a\u00a0sk\u00fasenosti, alebo si zase len zopakujeme cyklus? Asi dozrel \u010das nie\u010do s\u00a0t\u00fdm robi\u0165.<\/p>\n<p>To najmenej, \u010do m\u00f4\u017eeme urobi\u0165, je \u00eds\u0165 voli\u0165, i\u00a0ke\u010f samotn\u00e1 \u00fa\u010das\u0165 vo vo\u013eb\u00e1ch nie je pr\u00e1ca. To je na\u0161e pr\u00e1vo a\u00a0z\u00e1rove\u0148 na\u0161a mor\u00e1lna povinnos\u0165. Na\u0161e pr\u00e1vo a\u00a0 povinnos\u0165 je v\u0161ak aj kontrolovanie t\u00fdch, ktor\u00fdm sme zverili krajinu. Skuto\u010dn\u00e1 pr\u00e1ca, ktor\u00fa sme nevykonali, je urobi\u0165 nie\u010do so sebou.<\/p>\n<p>Pri vymenov\u00e1van\u00ed \u201eosmi\u010dkov\u00fdch\u201c rokov sme vynechali rok 2008. Poviete si, \u017ee nebol v\u00fdznamn\u00fd? Iba na prv\u00fd poh\u013ead. Tie\u017e sa rad\u00ed medzi kr\u00edzov\u00e9 roky, i\u00a0ke\u010f i\u0161lo \u201eiba\u201c o\u00a0 kr\u00edzu hospod\u00e1rsku. P\u00f4vod v\u0161etk\u00fdch kr\u00edz je v\u0161ak rovnak\u00fd. Ako o\u00a0tom hovor\u00ed Tom\u00e1\u0161 Ba\u0165a, \u010dlovek, zodpovedne pristupuj\u00faci k\u00a0 sebe a\u00a0 tie\u017e k\u00a0 rodine, ale tie\u017e\u00a0 k\u00a0 \u013eudom, ktor\u00ed pre neho pracovali: \u201eP\u0159\u00ed\u010dinou krize je mor\u00e1ln\u00ed b\u00edda. &#8230;je t\u0159eba p\u0159ekonat krizi d\u016fv\u011bry. Technick\u00fdmi, finan\u010dn\u00edmi a\u00a0\u00fav\u011brov\u00fdmi z\u00e1sahy ji v\u0161ak p\u0159ekonat nelze, d\u016fv\u011bra je v\u011bc osobn\u00ed a\u00a0 d\u016fv\u011bru lze obnovit jen mravn\u00edm hlediskem a\u00a0 osobn\u00edm p\u0159\u00edkladem.\u201c<\/p>\n<p>Tak za\u010dnime! Ka\u017ed\u00fd bo\u017e\u00ed de\u0148 sa postavi\u0165 a\u00a0 robi\u0165 nielen na v\u0161etkom okolo n\u00e1s, ale predov\u0161etk\u00fdm na n\u00e1s samotn\u00fdch. Za\u010dnime od seba a\u00a0 opravme, \u010do sme pokazili a\u00a0nechajme t\u00fdm po n\u00e1s aspo\u0148 poopraven\u00fa bud\u00facnos\u0165!<\/p>\n<p>S\u00a0 \u00factou, mo\u017eno op\u00e4\u0165 o\u00a0 nie\u010do zodpovednej\u0161ia<\/p>\n<p><em>\u017delm\u00edra Mach\u00e1\u010dkov\u00e1<\/em><\/p>\n","protected":false},"excerpt":{"rendered":"<div class=\"mh-excerpt\"><p>Asi v\u0161etci vn\u00edmame, \u017ee pre\u017e\u00edvame dni, ktor\u00e9 bud\u00fa v\u00a0hist\u00f3rii zap\u00edsan\u00e9 ve\u013ek\u00fdm p\u00edsmom. D\u00fafam. Ot\u00e1zkou zost\u00e1va, \u010di na ne budeme hrd\u00ed. Z\u00a0toho, \u010do sa v\u00a0t\u00fdchto d\u0148och deje, m\u00e1me toti\u017e zmie\u0161an\u00e9 pocity.<\/p>\n<\/div>","protected":false},"author":2,"featured_media":241,"comment_status":"closed","ping_status":"closed","sticky":false,"template":"","format":"standard","meta":{"footnotes":""},"categories":[3],"tags":[],"class_list":{"0":"post-625","1":"post","2":"type-post","3":"status-publish","4":"format-standard","5":"has-post-thumbnail","7":"category-tak-si-myslim"},"_links":{"self":[{"href":"http:\/\/skalickyobzor.sk\/cms\/wp-json\/wp\/v2\/posts\/625","targetHints":{"allow":["GET"]}}],"collection":[{"href":"http:\/\/skalickyobzor.sk\/cms\/wp-json\/wp\/v2\/posts"}],"about":[{"href":"http:\/\/skalickyobzor.sk\/cms\/wp-json\/wp\/v2\/types\/post"}],"author":[{"embeddable":true,"href":"http:\/\/skalickyobzor.sk\/cms\/wp-json\/wp\/v2\/users\/2"}],"replies":[{"embeddable":true,"href":"http:\/\/skalickyobzor.sk\/cms\/wp-json\/wp\/v2\/comments?post=625"}],"version-history":[{"count":1,"href":"http:\/\/skalickyobzor.sk\/cms\/wp-json\/wp\/v2\/posts\/625\/revisions"}],"predecessor-version":[{"id":626,"href":"http:\/\/skalickyobzor.sk\/cms\/wp-json\/wp\/v2\/posts\/625\/revisions\/626"}],"wp:featuredmedia":[{"embeddable":true,"href":"http:\/\/skalickyobzor.sk\/cms\/wp-json\/wp\/v2\/media\/241"}],"wp:attachment":[{"href":"http:\/\/skalickyobzor.sk\/cms\/wp-json\/wp\/v2\/media?parent=625"}],"wp:term":[{"taxonomy":"category","embeddable":true,"href":"http:\/\/skalickyobzor.sk\/cms\/wp-json\/wp\/v2\/categories?post=625"},{"taxonomy":"post_tag","embeddable":true,"href":"http:\/\/skalickyobzor.sk\/cms\/wp-json\/wp\/v2\/tags?post=625"}],"curies":[{"name":"wp","href":"https:\/\/api.w.org\/{rel}","templated":true}]}}