{"id":627,"date":"2018-04-02T00:58:14","date_gmt":"2018-04-01T22:58:14","guid":{"rendered":"http:\/\/skalickyobzor.sk\/cms\/?p=627"},"modified":"2018-06-14T17:40:30","modified_gmt":"2018-06-14T15:40:30","slug":"cistenie-trinastej-komnaty","status":"publish","type":"post","link":"http:\/\/skalickyobzor.sk\/cms\/cistenie-trinastej-komnaty\/","title":{"rendered":"\u010cistenie trin\u00e1stej komnaty"},"content":{"rendered":"<p>Ste utr\u00e1pen\u00ed? P\u00f4sob\u00ed na v\u00e1s sk\u013eu\u010duj\u00faco predstava d\u0148a, ktor\u00fd m\u00e1te pred sebou? Rastie vo v\u00e1s pocit opustenosti Bohom i\u00a0\u013eu\u010fmi? Ste sklaman\u00ed z\u00a0in\u00fdch \u2013 alebo zo seba? Nastal \u010das n\u00e1js\u0165 si \u010das.<\/p>\n<p><!--more--><\/p>\n<p>\u010cas iba pre seba, na stretnutie iba so sebou. Mus\u00edme si vyjasni\u0165 mnoh\u00e9 situ\u00e1cie, udalosti, \u00fatr\u017eky rozhovorov, ktor\u00e9 n\u00e1s zasiahli, poh\u013eady, ktor\u00e9 n\u00e1s nevideli, \u00fasmevy, ktor\u00e9 neboli ur\u010den\u00e9 n\u00e1m, n\u00e1deje, ktor\u00e9 nerozkvitli, tiene, ktor\u00e9 vrhli na n\u00e1s chrbty t\u00fdch, ktor\u00ed n\u00e1s predbehli, ale aj cesty, ku ktor\u00fdm sme stratili mapu, men\u00e1, pre ktor\u00e9 sme stratili hlavu, p\u00e1dy, pre ktor\u00e9 sme stratili seba\u00factu, v\u0161etko, \u010do sa n\u00e1m rozbilo v\u00a0ni\u010d.<\/p>\n<p>Mus\u00edme si sami v\u00a0sebe mnoho a\u00a0mnoh\u00e9 vyjasni\u0165, roztriedi\u0165, pripusti\u0165, pochopi\u0165. A\u00a0 z\u00e1kladnou ot\u00e1zkou pre vn\u00fatorn\u00e9 triedenie by malo by\u0165: Sklamali n\u00e1s in\u00ed \u2013 alebo sme sklamali my? Je to bolestn\u00fd chirurgick\u00fd z\u00e1krok na na\u0161ej du\u0161i. Bez nark\u00f3zy, bez seba\u013e\u00fatosti si urobme invent\u00faru, rozde\u013eujme spravodlivo na dve k\u00f4pky, \u010do sa v\u00a0n\u00e1s nahromadilo, \u010do n\u00e1s vn\u00fatorne tla\u010d\u00ed: Moja vina, cudzia vina.<\/p>\n<p>Nahromadilo sa v\u00a0n\u00e1s ve\u013ea harab\u00fard, zbyto\u010dnost\u00ed, ktor\u00e9 n\u00e1m prep\u013a\u0148aj\u00fa vn\u00fatorn\u00fd priestor a\u00a0 nedovo\u013euj\u00fa n\u00e1m cez svoju neskladnos\u0165 dovidie\u0165 na syst\u00e9m, pod\u013ea ktor\u00e9ho sme mali ma\u0165 vn\u00fatorn\u00e9 priestory roz\u010dlenen\u00e9. Pozrime sa op\u00e4\u0165 na obe roztrieden\u00e9 k\u00f4pky a\u00a0osobitne si pov\u0161imnime zn\u00f4\u0161ku vlastn\u00fdch v\u00edn. Prehre\u0161ky in\u00fdch nie s\u00fa na\u0161ou vinou, hre\u0161\u00edme iba vlastn\u00fdmi vinami. Nielen proti Bohu, aj proti sebe. Z\u00a0 nich vyh\u00e1d\u017eme v\u0161etky nepodstatn\u00e9 malichernosti. A\u00a0 \u010do n\u00e1m zostalo? Poobzerajme sa d\u00f4kladnej\u0161ie po svojej trin\u00e1stej komnate, do ktorej sme si zakazovali vstup aj my sami! \u010co je tam? Na\u0161e prehre\u0161ky vo\u010di in\u00fdm. Zbavme sa hrie\u0161neho srdca, zbav\u00edme sa svojho \u017eia\u013eu a\u00a0tr\u00e1penia.<\/p>\n<p>Marcus Aurelius vo svojich Hovoroch k\u00a0 sebe sam\u00e9mu prich\u00e1dza s\u00a0 my\u0161lienkou: \u201eAk si sa h\u00e1dam neosved\u010dil v\u00a0 dialektike alebo vo fyzike, to e\u0161te neznamen\u00e1, \u017ee nem\u00f4\u017ee\u0161 by\u0165 slobodn\u00fd, pozorn\u00fd a\u00a0l\u00e1skav\u00fd k\u00a0\u013eu\u010fom.\u201c Nech by sme na\u0161li v\u00a0sebe ak\u00fako\u013evek trpk\u00fa pravdu o\u00a0sebe, t\u00e1to \u201eaureliovsk\u00e1\u201c \u0161anca zost\u00e1va pre ka\u017ed\u00e9ho otvoren\u00e1. Ak by sme sa neosved\u010dili v\u00a0 \u010domko\u013evek, to e\u0161te neznamen\u00e1, \u017ee nem\u00f4\u017eeme by\u0165 u\u017eito\u010dn\u00ed in\u00fdm sp\u00f4sobom. Pochopenie tragiky \u013eudsk\u00e9ho \u017eivota n\u00e1m nem\u00f4\u017ee br\u00e1ni\u0165 vo vlastnej slu\u017ebe, l\u00e1ske, priate\u013estve \u2013 poznan\u00ed. Ak v\u00a0sebe poc\u00edtime nutnos\u0165 vynies\u0165 nad sebou rozsudok \u2013 ods\u00fa\u010fme sa na do\u017eivotn\u00e9 n\u00faten\u00e9 pr\u00e1ce na galejach s\u00facitu a\u00a0slu\u017eby. Nikdy nie sme tak\u00ed biedni, aby sme nemohli niekomu pom\u00f4c\u0165.<\/p>\n<p>Zamknut\u00e1 trin\u00e1sta komnata v\u00a0 n\u00e1s je ustavi\u010dnou v\u00fd\u010ditkou, hrozbou, strachom. Potrebuje prevetra\u0165, vyupratova\u0165. Prosto, treba do nej vpusti\u0165 denn\u00e9 svetlo pravdy a\u00a0odvahy. Napokon zist\u00edme, \u017ee to bolo ove\u013ea menej hrozn\u00e9 ne\u017e sme o\u010dak\u00e1vali, a\u00a0 zist\u00edme, \u010do v\u0161etko m\u00e1me na rozd\u00e1vanie. Ur\u010dite to bude \u00fasilie o\u00a0pochopenie biedy in\u00fdch a\u00a0oby\u010dajn\u00fd \u2013 najz\u00e1zra\u010dnej\u0161\u00ed \u013eudsk\u00fd \u00fasmev. Ma\u0165 s\u00facit a\u00a0mier v\u00a0du\u0161i je najv\u00e4\u010d\u0161ie \u0161\u0165astie.<\/p>\n<p>(Orient\u00e1lna m\u00fadros\u0165.)<\/p>\n","protected":false},"excerpt":{"rendered":"<div class=\"mh-excerpt\"><p>Ste utr\u00e1pen\u00ed? P\u00f4sob\u00ed na v\u00e1s sk\u013eu\u010duj\u00faco predstava d\u0148a, ktor\u00fd m\u00e1te pred sebou? Rastie vo v\u00e1s pocit opustenosti Bohom i\u00a0\u013eu\u010fmi? Ste sklaman\u00ed z\u00a0in\u00fdch \u2013 alebo zo seba? Nastal \u010das n\u00e1js\u0165 si \u010das.<\/p>\n<\/div>","protected":false},"author":10,"featured_media":916,"comment_status":"closed","ping_status":"closed","sticky":false,"template":"","format":"standard","meta":{"footnotes":""},"categories":[8],"tags":[],"class_list":{"0":"post-627","1":"post","2":"type-post","3":"status-publish","4":"format-standard","5":"has-post-thumbnail","7":"category-obzor-seniorov"},"_links":{"self":[{"href":"http:\/\/skalickyobzor.sk\/cms\/wp-json\/wp\/v2\/posts\/627","targetHints":{"allow":["GET"]}}],"collection":[{"href":"http:\/\/skalickyobzor.sk\/cms\/wp-json\/wp\/v2\/posts"}],"about":[{"href":"http:\/\/skalickyobzor.sk\/cms\/wp-json\/wp\/v2\/types\/post"}],"author":[{"embeddable":true,"href":"http:\/\/skalickyobzor.sk\/cms\/wp-json\/wp\/v2\/users\/10"}],"replies":[{"embeddable":true,"href":"http:\/\/skalickyobzor.sk\/cms\/wp-json\/wp\/v2\/comments?post=627"}],"version-history":[{"count":1,"href":"http:\/\/skalickyobzor.sk\/cms\/wp-json\/wp\/v2\/posts\/627\/revisions"}],"predecessor-version":[{"id":628,"href":"http:\/\/skalickyobzor.sk\/cms\/wp-json\/wp\/v2\/posts\/627\/revisions\/628"}],"wp:featuredmedia":[{"embeddable":true,"href":"http:\/\/skalickyobzor.sk\/cms\/wp-json\/wp\/v2\/media\/916"}],"wp:attachment":[{"href":"http:\/\/skalickyobzor.sk\/cms\/wp-json\/wp\/v2\/media?parent=627"}],"wp:term":[{"taxonomy":"category","embeddable":true,"href":"http:\/\/skalickyobzor.sk\/cms\/wp-json\/wp\/v2\/categories?post=627"},{"taxonomy":"post_tag","embeddable":true,"href":"http:\/\/skalickyobzor.sk\/cms\/wp-json\/wp\/v2\/tags?post=627"}],"curies":[{"name":"wp","href":"https:\/\/api.w.org\/{rel}","templated":true}]}}