{"id":632,"date":"2018-04-02T00:45:35","date_gmt":"2018-04-01T22:45:35","guid":{"rendered":"http:\/\/skalickyobzor.sk\/cms\/?p=632"},"modified":"2018-05-14T12:13:46","modified_gmt":"2018-05-14T10:13:46","slug":"milanek-mali-velki-mus","status":"publish","type":"post","link":"http:\/\/skalickyobzor.sk\/cms\/milanek-mali-velki-mus\/","title":{"rendered":"Mil\u00e1nek \u2013 mal\u00ed velk\u00ed mu\u0161"},"content":{"rendered":"<p>Skoro v\u00a0ka\u017ed\u00e9m mjes\u0165e lebo dedi\u0148e sa naro\u010fil nejak\u00ed v\u00edznamn\u00ed \u010dlovjek \u2013\u00a0\u010di u\u0161 vjedec, herec, spjev\u00e1k \u010di politik. Ale tak\u00e9 skoro v\u00a0ka\u017edej dedi\u0148e \u010di mjes\u0165e sa najde \u010dlovjek (postavi\u010dka), ker\u00ed neodmislitel\u0148e patr\u00edl, lebo patr\u00ed, do kerej tej komuniti jeho okol\u00e1. Jak ve Skalici takov\u00ed Janek bobek, hl\u00fapa Ani\u010dka, Val\u00e9rka a\u00a0\u0148em\u00ed cig\u00e1n, skalick\u00e9 taxi, hvjezd\u00e1ri (Jur\u010d\u00e1ci)&#8230;<\/p>\n<p><!--more--><\/p>\n<p>Bilo ich dos\u0165 a\u00a0tak si \u010dlovjek honem a\u0148i nespomene na f\u0161eck\u00edch. Jedn\u00e9ho V\u00e1m chcu ale pripomjet. Pro\u017eil sem s\u00a0\u0148\u00edm teho dos\u0165 jak ze s\u00faborem Skali\u010dan, tak aj s\u00fakrom\u0148e, ked do\u0161el ke m\u0148e na konec Skalice, ker\u00ed dnes u\u0161 zdaleka ne\u0148i koncem. Ked bil u\u017e velice hladn\u00ed, taj aj b\u00e1rkedi v\u00a0noci pro kraj\u00ed\u010dek chleba.<\/p>\n<p>V\u00a0roku 1947 sa 21. apr\u00edla naro\u010fil ve Skalici Milan Blaha. Enom \u0165i sk\u00farej narode\u0148\u00ed sme ho poznali a\u00a0 e\u0161te pozn\u00e1me pod m\u00e9nem Mil\u00e1nek, Midi a\u00a0\u0148eker\u00ed mu r\u00edkali aj Huta\u010d. T\u00e1to neodmisliteln\u00e1 postavi\u010dka Skalice mjela e\u0161te dvoch bratr\u00fa \u2013\u00a0 Rudu, ker\u00ed r\u00e1d zb\u00edral poh\u00e1re od piva na ciga\u0148i (hos\u0165inec u\u00a0 Hasi\u010d\u00fa), kde sa mu utrelo aj \u0148ejak\u00e9 to pivo, a\u00a0 druh\u00ed Fera, ten bil z\u00a0 nich najhl\u00fapjej\u0161\u00ed, lebo robil (to r\u00edkal jeho bratr Milan) \u0165a\u0161k\u00fa robotu na dru\u0161stvje. Mil\u00e1nka sme stretali na v\u0161eck\u00edch kult\u00far\u0148\u00edch poduja\u0165\u00e1ch ve Skalici aj okol\u00fa. Mjel r\u00e1d folkl\u00f3r, muziku a\u00a0na tito poduja\u0165\u00e1 poka\u017ed\u00e9 do\u0161el v\u00a0 kompletn\u00e9m skalick\u00e9m kroji, podruh\u00e9 enom ve vi\u0161\u00edvanej ko\u0161eli. Ked nebil folkl\u00f3r, bili to hokejis\u0165i lebo fotbalis\u0165i, s\u00a0ker\u00edma tak\u00e9 r\u00e1t jez\u010fil. Ked jez\u010fil s\u00a0nama, ze s\u00faborem Skali\u010dan, tak sme sa dicki nasm\u00edli na jeho v\u0165ipoch a\u00a0 co tl\u00e1pal za somarini. Nasm\u00edli sme sa mu, ked sme mu d\u00e1vali v\u0161elijak\u00e9 h\u00e1danki a\u00a0sk\u00fa\u0161ali ho z\u00a0po\u010dt\u00fa.<\/p>\n<p>Jedna obl\u00faben\u00e1 po\u010dtov\u00e1 h\u00e1danka bila, kolko je kilometr\u00fa ze Skalice do Mokr\u00e9ho H\u00e1ja, rekel: \u201eSest\u201c, &#8211; \u201eV\u00edbor\u0148e, a\u00a0kolko je kilometr\u00fa z\u00a0Mokr\u00e9ho H\u00e1ja do Skalice?\u201c Suver\u00e9ne rekel: \u201ePjet!\u201c \u201eA\u00a0pro\u010d?\u201c, \u201eLebo je to s\u00a0kopca.\u201c, a\u00a0\u0165\u00ed, ker\u00ed ho nepoznali, rozesm\u00edli sa na cel\u00e9 okol\u00ed.<\/p>\n<p>U\u0161 ani nev\u00edm, kdo to povje\u010fel, ale misl\u00edm, \u017ee Jenda Pardubsk\u00ed \u2013 \u201eCo sa smjejete? \u0160ak on m\u00e1 UK!\u201c Gdo ho nepoznal, ostal hle\u010fet a\u00a0 ket rekel, \u017ee Univerzitu Kone\u010dn\u00e9ho, tak pochopili \u0165i, kter\u00ed vje\u010feli, \u017ee p\u00e1n Kone\u010dn\u00ed bil ri\u010fitelem zvl\u00e1\u0161t\u0148\u00ed \u0161koli a\u00a0Mil\u00e1nek je jej\u00edm v\u00e1\u017een\u00edm absolventem. V\u00a0OP zap\u00edsan\u00e9 ukon\u010den\u00e9 z\u00e1klad\u0148\u00ed vzdel\u00e1\u0148\u00ed mu sta\u010dilo na to, abi sa mjel dobre.<\/p>\n<p>Ke m\u0148e umjel d\u00f3j\u00edt b\u00e1r kedi, aj na \u0161tedr\u00ed ve\u010der \u010di na bo\u017e\u00ed naro\u010fe\u0148\u00ed. U\u00a0n\u00e1s sa ok\u00fapal a\u00a0obl\u00e9kel sem ho do moj\u00edch vjec\u00ed, co sem u\u0161 nenos\u00edl, abi si mohel sedn\u00fat s\u00a0 nama ke stolu. Po tak\u00e9mto procesi o\u010disti to bil \u00fapl\u0148e druh\u00ed \u010dlovjek. Ket sa najedel, sedel si ke krbu a\u00a0za\u010dalo sa mu dr\u00edmat a\u00a0j\u00e1 mu r\u00edk\u00e1m: \u201eMidi, ti sp\u00ed\u0161\u201c, a\u00a0on r\u00edk\u00e1 \u201eNesp\u00edm, j\u00e1 si enom zehr\u00edv\u00e1m o\u010di\u201c a\u00a0 hnet na to: \u201eMarti, a\u00a0co\u00a0\u2013\u00a0k\u00e1vi\u010dka nebude?\u201c<\/p>\n<p>\u201e\u0160ak sas teprf najedel\u201c, po\u010fivila sa, na co sa Mil\u00e1nek enem pomrvil: \u201eNevad\u00ed, j\u00e1 po\u010dk\u00e1m.\u201c Aj ked sa u\u0161 v\u00e1noce skon\u010dili, zmislite si na toto aspo\u0148 na rok. Mo\u017en\u00e1\u00a0ste si rozbalili kr\u00e1sn\u00e9 d\u00e1rki, iPhoni, Tableti, Smartf\u00f3ni, PS \u010di zna\u010dkov\u00e9 oble\u010de\u0148\u00ed&#8230;<\/p>\n<p>Ale ked sme sa kedisi mi s\u00fabor\u00e1ci p\u00edtali Mil\u00e1nka, co dostal na V\u00e1noce pod stromek,\u00a0 rek\u00e9l, \u017ee nic. \u201eA\u00a0 bratr Fera co dostal?\u201c, uk\u00e1zal na nohi a\u00a0 rekel: \u201eTito bagance&#8230;\u201c Ve\u010feli sa po\u010felit a\u00a0mjeli rados\u0165 aj s\u00a0m\u00e1la, lebo vjec jak m\u00e1lo u\u00a0\u0148\u00edch \u0148ikedi nebilo. Pred asi dese\u0165i rokama, nev\u00edm to pres\u0148e, sa Mil\u00e1nek ze Skalice vitra\u0165il. Mi ale v\u00edme, \u017ee je o\u00a0\u0148eho dobre postaran\u00e9 v\u00a0 \u00fastavje na Bojkovej pri Rozbehoch. Od apr\u00edla minul\u00e9ho roku sme sa furt chistali, \u017ee ho pekvap\u00edme a\u00a0pogratulujeme mu k\u00a0jeho 70-ke a\u00a0 potom pujdeme na dobr\u00e9 pivo do s\u00fakromn\u00e9ho pivovaru do Prieval.<\/p>\n<p>Hnet tu bil decembr, a\u00a0 tak sme rekli direk\u0148e: \u201e21.\u00a012.\u00a02017 pojedeme\u201c, a\u00a0tak sme aj jeli. Nabalili sme klob\u00e1ski, ker\u00e9 m\u00e1 r\u00e1d, k\u00e1vu, z\u00e1kuski, Marta usma\u017eila \u010derstv\u00e9 \u0161nicelki, ker\u00e9 miluje, trdel\u0148\u00edki aj pro reholn\u00e9 sestri, ker\u00e9 sa velice dobre staraj\u00fa o\u00a0lu\u010f\u00ed v\u00a0\u00fastavje. Ked sme od\u00ed\u017e\u010fali ze Skalice, tak pr\u0161alo \u2013\u00a0a\u00a0na Bojkovej druh\u00ed svjet, kr\u00e1sneho snehu, no prav\u00e1 atmosf\u00e9ra V\u00e1noc. Sestri\u010dki n\u00e1s priv\u00edtali a\u00a0i\u0161li pro Mil\u00e1nka, dov\u00e9dli ho a\u00a0jemu sa rossv\u00ed\u0165ili o\u010di, lebo vi\u010fel \u0148ekoho zn\u00e1meho a\u00a0 sestri\u010dka sa op\u00edtala, \u010di m\u0148a pozn\u00e1. Po\u010fival sa na m\u0148a a\u00a0povid\u00e1: \u201eDacik\u201c, a\u00a0j\u00e1 mu r\u00edk\u00e1m: \u201eMili, m\u0148a pozn\u00e1\u0161, ale gdo je tento p\u00e1n mi rek\u0148i, za\u010f\u00edval sa a\u00a0po kr\u00e1tkej chv\u00edli sa mu zaligotali o\u010di a\u00a0 z\u00a0 \u0148eho vile\u0165elo: \u201eDoktor \u010cern\u00ed!\u201c, a\u00a0 v\u00a0 oku\u00a0 p\u00e1na doktora \u010cern\u00e9ho bila iskra prekvape\u0148\u00e1, \u017ee ho po t\u00edch asi 10 rokoch poznal.<\/p>\n<p>Pose\u010feli sme v\u00a0jed\u00e1l\u0148i, gde u\u0161 bil v\u00e1no\u010d\u0148\u00ed stromek a\u00a0Milankovi sme urobili V\u00e1noce p\u00e1r d\u0148\u00ed dopredu. Klob\u00e1ski povo\u0148al a\u00a0 rekel: \u201eToto si nech\u00e1m na potom\u201c a\u00a0 hnet sa pus\u0165il do \u010derstvej, e\u0161te teplej \u0161nicelki, a\u0161 sa mu robili gu\u010de za u\u0161ama, s\u00a0tak\u00fa chu\u0165\u00fa to jedel. Spom\u00ednal na Kone\u010dn\u00edch, Reh\u00e1k\u00fa, Neck\u00e1r\u00fa&#8230; jak cho\u010fil na zabija\u010dki, na sestri\u010dki z\u00a0nemocnice, na tepl\u00e9 rohl\u00edki, na to, jak ho Marek Gula zavolal na z\u00e1vjer skalick\u00edch d\u0148\u00ed na p\u00f3dium a\u00a0on sp\u00edval s\u00a0 dechovk\u00fa Skali\u010dan\u00e9 pjes\u0148i\u010dku \u201eKet sem bil malu\u010dk\u00ed pachol\u00ed\u010dek\u201c a\u00a0jak mu cel\u00e9 n\u00e1mjes\u0165\u00ed \u0165apkalo a\u00a0volalo: \u201eMilan, na hrad!\u201c Na toto f\u0161ecko si pamatuje, a\u00a0tak sme urobili na\u0161\u00e9mu Mil\u00e1nkovi jedno pjekn\u00e9 odpoled\u0148\u00ed. Mjelo bi sa spom\u00ednat na t\u00edchto lu\u010f\u00ed, abi sme nezapomjeli. A\u00a0 ker\u00ed ich nepoznaj\u00fa, tak sa aspo\u0148 zasmjej\u00fa, lebo teho sm\u00edchu, ker\u00ed b\u00edval, tak je kam d\u00e1lej m\u00e9\u0148ej.<\/p>\n<p>Mo\u017en\u00e1 ste si akor\u00e1t na \u0148ekoho spomjeli aj vi. Tak nap\u00ed\u0161te, nech si to spolem pre\u010d\u00edt\u00e1me ve\u00a0Skalick\u00e9m Obzori.<\/p>\n","protected":false},"excerpt":{"rendered":"<div class=\"mh-excerpt\"><p>Skoro v\u00a0ka\u017ed\u00e9m mjes\u0165e lebo dedi\u0148e sa naro\u010fil nejak\u00ed v\u00edznamn\u00ed \u010dlovjek \u2013\u00a0\u010di u\u0161 vjedec, herec, spjev\u00e1k \u010di politik. Ale tak\u00e9 skoro v\u00a0ka\u017edej dedi\u0148e \u010di mjes\u0165e sa najde \u010dlovjek (postavi\u010dka), ker\u00ed neodmislitel\u0148e patr\u00edl, lebo patr\u00ed, do kerej <a class=\"mh-excerpt-more\" href=\"http:\/\/skalickyobzor.sk\/cms\/milanek-mali-velki-mus\/\" title=\"Mil\u00e1nek \u2013 mal\u00ed velk\u00ed mu\u0161\">[&#8230;]<\/a><\/p>\n<\/div>","protected":false},"author":21,"featured_media":17,"comment_status":"closed","ping_status":"closed","sticky":false,"template":"","format":"standard","meta":{"footnotes":""},"categories":[4],"tags":[],"class_list":{"0":"post-632","1":"post","2":"type-post","3":"status-publish","4":"format-standard","5":"has-post-thumbnail","7":"category-ja-su-ze-skalice"},"_links":{"self":[{"href":"http:\/\/skalickyobzor.sk\/cms\/wp-json\/wp\/v2\/posts\/632","targetHints":{"allow":["GET"]}}],"collection":[{"href":"http:\/\/skalickyobzor.sk\/cms\/wp-json\/wp\/v2\/posts"}],"about":[{"href":"http:\/\/skalickyobzor.sk\/cms\/wp-json\/wp\/v2\/types\/post"}],"author":[{"embeddable":true,"href":"http:\/\/skalickyobzor.sk\/cms\/wp-json\/wp\/v2\/users\/21"}],"replies":[{"embeddable":true,"href":"http:\/\/skalickyobzor.sk\/cms\/wp-json\/wp\/v2\/comments?post=632"}],"version-history":[{"count":1,"href":"http:\/\/skalickyobzor.sk\/cms\/wp-json\/wp\/v2\/posts\/632\/revisions"}],"predecessor-version":[{"id":633,"href":"http:\/\/skalickyobzor.sk\/cms\/wp-json\/wp\/v2\/posts\/632\/revisions\/633"}],"wp:featuredmedia":[{"embeddable":true,"href":"http:\/\/skalickyobzor.sk\/cms\/wp-json\/wp\/v2\/media\/17"}],"wp:attachment":[{"href":"http:\/\/skalickyobzor.sk\/cms\/wp-json\/wp\/v2\/media?parent=632"}],"wp:term":[{"taxonomy":"category","embeddable":true,"href":"http:\/\/skalickyobzor.sk\/cms\/wp-json\/wp\/v2\/categories?post=632"},{"taxonomy":"post_tag","embeddable":true,"href":"http:\/\/skalickyobzor.sk\/cms\/wp-json\/wp\/v2\/tags?post=632"}],"curies":[{"name":"wp","href":"https:\/\/api.w.org\/{rel}","templated":true}]}}