{"id":635,"date":"2018-04-02T00:44:45","date_gmt":"2018-04-01T22:44:45","guid":{"rendered":"http:\/\/skalickyobzor.sk\/cms\/?p=635"},"modified":"2018-05-14T12:13:53","modified_gmt":"2018-05-14T10:13:53","slug":"splavek","status":"publish","type":"post","link":"http:\/\/skalickyobzor.sk\/cms\/splavek\/","title":{"rendered":"Spl\u00e1vek"},"content":{"rendered":"<p>N\u00e1hody vraj neexistuj\u00fa a\u00a0 tak sa stalo, \u017ee sa v\u00a0redakcii stretli dva listy so spomienkami na legend\u00e1rny skalick\u00fd spl\u00e1vek. Prin\u00e1\u0161ame v\u00e1m obidva a\u00a0 te\u0161\u00edme sa na \u010fal\u0161ie va\u0161e spomienky, ktor\u00e9 o\u017eivia mo\u017eno aj\u00a0u\u017e neexistuj\u00face miesta.<\/p>\n<p><!--more--><\/p>\n<h3>CO OSTALO VE SPOM\u00cdNK\u00c1CH<\/h3>\n<p>Ket kedisi negdo povje\u010fel \u201ena Spl\u00e1vku,\u201c skoro ka\u017ed\u00ed Skali\u010dan vje\u010fel o\u00a0\u010dem je re\u010d. Ulic\u00fa Vali t\u00e9kel potok ot Predmjes\u0165\u00e1 pot Zelen\u00edm mostem, ker\u00ed tam u\u0161 ne\u0148i. V\u00a0jedn\u00e9m m\u00eds\u0165e bil tento potok prehra\u010fen\u00ed kamenobet\u00f3nov\u00fa hr\u00e1sk\u00fa. V\u00a0hr\u00e1sce bila drevjen\u00e1 z\u00e1vora a\u00a0 r\u00edkalo sa j\u00ed \u0161lajs\u0148a. Ket sa \u0161lajs\u0148a zavrela, voda f potoku st\u00fapla. V\u00a0l\u00e9\u0165e sa tu dalo aj k\u00fapat a\u00a0\u010feck\u00e1m v\u00fabec neva\u010fili ka\u010deni a\u0148i husi, ba a\u0148i husince, ker\u00e9 tam plovali. Nekedi tam aj sedl\u00e1ci \u010dis\u0165ili ko\u0148e. V\u00a0z\u00edmje sa dalo na zamrzl\u00e9m Spl\u00e1vku aj bruslit na kvin\u0165\u00e1koch.<\/p>\n<p><a href=\"http:\/\/skalickyobzor.sk\/cms\/wp-content\/uploads\/2018\/03\/Page-8-Image-8.jpg\"><img loading=\"lazy\" decoding=\"async\" class=\"aligncenter size-full wp-image-609\" src=\"http:\/\/skalickyobzor.sk\/cms\/wp-content\/uploads\/2018\/03\/Page-8-Image-8.jpg\" alt=\"\" width=\"353\" height=\"539\" srcset=\"http:\/\/skalickyobzor.sk\/cms\/wp-content\/uploads\/2018\/03\/Page-8-Image-8.jpg 353w, http:\/\/skalickyobzor.sk\/cms\/wp-content\/uploads\/2018\/03\/Page-8-Image-8-196x300.jpg 196w\" sizes=\"auto, (max-width: 353px) 100vw, 353px\" \/><\/a><\/p>\n<p>Tito sa kl\u00fa\u010dkem pripev\u0148ili na bagance a\u00a0gdo si ich por\u00e1d\u0148e neprit\u00e1hel, tak spadel a\u00a0mohel si aj \u010delo odrat alebo hlavu rozbit. Ket bil let slab\u00ed a\u00a0 negdo sa proboril, i\u0161el dom ve zmrzl\u00edch tepl\u00e1koch a\u00a0ze sv\u00ed\u010dk\u00fa pot nosem. V\u00a0l\u00e9\u0165e na pravej stra\u0148e potoka rostli na brehu malini a\u00a0velice slatk\u00e9 \u010dern\u00e9 moru\u0161e. Tren\u00edrki ot \u0148ich zababran\u00e9 sa \u0165a\u0161ko prali. D\u00e1lej za \u0161lajs\u0148\u00fa b\u00edvali f potoku aj raci, ker\u00edch sme jak \u010feck\u00e1 r\u00e1\u010fi chit\u00e1vali. Chit\u00e1val sem ich aj j\u00e1 z\u00a0Vlad\u00fa Feren\u010d\u00e1kem.<\/p>\n<p>Pok\u00fasa\u0148\u00ed ot raka hod\u0148e zabolelo. Potom sa tento pjekn\u00ed k\u00fasek na\u0161eho mjesta zmje\u0148il na nepozn\u00e1\u0148\u00ed. Potok ot Predmjes\u0165\u00e1 aj Spl\u00e1vek sa zahrnul a\u00a0 dneska u\u0161 te\u010de v\u00a0 bet\u00f3nov\u00edch tr\u00fab\u00e1ch a\u00a0vitek\u00e1 na Salajce. Na levej stra\u0148e ulice Vali st\u00f3j\u00e1 e\u0161te p\u00favodn\u00e9 domi. Na pravej stra\u0148e je z\u00e1klad\u0148\u00ed \u0161kola a\u00a0 za \u0148\u00fa bitovki.<\/p>\n<p><a href=\"http:\/\/skalickyobzor.sk\/cms\/wp-content\/uploads\/2018\/03\/Page-9-Image-11.jpg\"><img loading=\"lazy\" decoding=\"async\" class=\"aligncenter size-full wp-image-607\" src=\"http:\/\/skalickyobzor.sk\/cms\/wp-content\/uploads\/2018\/03\/Page-9-Image-11.jpg\" alt=\"\" width=\"360\" height=\"521\" srcset=\"http:\/\/skalickyobzor.sk\/cms\/wp-content\/uploads\/2018\/03\/Page-9-Image-11.jpg 360w, http:\/\/skalickyobzor.sk\/cms\/wp-content\/uploads\/2018\/03\/Page-9-Image-11-207x300.jpg 207w\" sizes=\"auto, (max-width: 360px) 100vw, 360px\" \/><\/a><\/p>\n<p>Co si spom\u00edn\u00e1m, b\u00edvali v\u00a0 t\u00edchto m\u00edstach ro\u010fini Jankovi\u010dov\u00edch, Kr\u00eddlov\u00edch, Voj\u0165echov\u00edch, Kvapilov\u00edch a\u00a0druh\u00ed. Z\u00a0rados\u0165\u00fa si na tito \u010dasi spom\u00edn\u00e1m, proto\u017ee na Maj\u00edroch b\u00edvali moji stare\u010dk\u00e9. Moc r\u00e1t sem k\u00a0\u0148im cho\u010fil a\u00a0na Spl\u00e1vek to bilo ot \u0148ich k\u00fasek. Nekedi mi starenka dali konvi\u010dku \u010derstv\u00e9ho ml\u00e9ka ot kraf co chovali a\u00a0j\u00e1 sem ju odn\u00e9sel moj\u00edm krs\u0148\u00edm ro\u010fi\u010dom La\u017eanom. O\u0148i b\u00edvali f p\u00e1le\u0148ici. Za odmjenu sem ot \u0148ich dostal vanilkov\u00e9 rohl\u00ed\u010dki, t\u00ed sem zakusoval pocukrovan\u00edma jahodama a\u0161 mi s\u00a0tej dobroti bilo \u0165a\u0161ko.<\/p>\n<p>Do p\u00e1le\u0148ice vozili sedl\u00e1ci erteple, tito sa tam varili a\u00a0\u010felal sa z\u00a0\u0148ich lich. Obsluhu par\u0148\u00edho stroja a\u00a0cel\u00e9ho zar\u00ed\u010fe\u0148\u00e1 na p\u00e1le\u0148\u00ed mjel na staros\u0165i p\u00e1n Stehl\u00edk. Spr\u00e1fcem p\u00e1le\u0148ice bil p\u00e1n La\u017ean. Jeho \u017eena lich prod\u00e1vala alebo z\u00a0\u0148eho \u010felala b\u00e1rsjak\u00e9 ko\u0148aki. Vip\u00e1len\u00e9 erteple, r\u00edkalo sa im v\u00edpreski, si sedl\u00e1ci vozili dom na krme\u0148\u00ed dobitka.<\/p>\n<p>Ve Skalici na Predmjes\u0165\u00ed za Ml\u00ednem bila dal\u0161\u00ed mal\u00e1 p\u00e1le\u0148ica na destil\u00e1ti.<\/p>\n<p><a href=\"http:\/\/skalickyobzor.sk\/cms\/wp-content\/uploads\/2018\/03\/Page-9-Image-10.jpg\"><img loading=\"lazy\" decoding=\"async\" class=\"aligncenter size-full wp-image-608\" src=\"http:\/\/skalickyobzor.sk\/cms\/wp-content\/uploads\/2018\/03\/Page-9-Image-10.jpg\" alt=\"\" width=\"734\" height=\"511\" srcset=\"http:\/\/skalickyobzor.sk\/cms\/wp-content\/uploads\/2018\/03\/Page-9-Image-10.jpg 734w, http:\/\/skalickyobzor.sk\/cms\/wp-content\/uploads\/2018\/03\/Page-9-Image-10-300x209.jpg 300w\" sizes=\"auto, (max-width: 734px) 100vw, 734px\" \/><\/a><\/p>\n<p>Obsluhoval ju p\u00e1n Kadle\u010d\u00edk. K\u00a0tejto p\u00e1le\u0148ici ftedi patrilo aj mal\u00e9 k\u00fapalisko. Bila to vidl\u00e1\u017e\u010fen\u00e1 vje\u010d\u00ed jama, gde sa cho\u010filo v\u00a0 l\u00e9\u0165e k\u00fapat. A\u00a0 aj t\u00fa p\u00e1le\u0148icu aj k\u00fapalisko \u201espl\u00e1chla\u201c kanaliz\u00e1cia pro potok, spolem se spl\u00e1vkem a\u00a0m\u00edstama, ker\u00e9 s\u00fa u\u017e nadobro pre\u010d. Miloslav Tom\u0161ej st., Skali\u010dan \u0165elem aj du\u0161\u00fa<\/p>\n<h3>DETSTVO NA VODE<\/h3>\n<p>Detstvo n\u00e1s nav\u017edy prip\u00fata na miesta, kde sme ho pre\u017e\u00edvali. Ja som vyrastala na Spl\u00e1vku. T\u00e1to ulica sa vol\u00e1 Z\u00e1poto\u010dn\u00e1. Kedysi to bola dlh\u00e1 a\u00a0\u0161irok\u00e1 ulica, cez ktor\u00fa pretekal Zlatn\u00edcky potok. Hovorilo sa jej aj \u201ehus\u00ed rink\u201c, preto\u017ee potok bol v\u017edy pln\u00fd hus\u00ed a\u00a0 ka\u010d\u00edc. Ale mal svoje nezamenite\u013en\u00e9 \u010daro. V\u00a0 zime, ke\u010f potok zamrzol, sme sa na \u0148om kor\u010du\u013eovali. Vtedy e\u0161te b\u00fdvali riadne zimy. Ak napadol sneh, tak sme brehy potoka vyu\u017e\u00edvali na s\u00e1nkovanie. V\u00a0 lete sme sa k\u00fapali spolo\u010dne s\u00a0 husami a\u00a0 ka\u010dkami. Z\u00a0blata sme si robili \u010di\u017emi\u010dky a\u00a0 rukavi\u010dky. Aj ke\u010f voda v\u00a0 potoku nebola v\u00f4bec priezra\u010dn\u00e1 a\u00a0 dno bolo pln\u00e9 blata, nikdy sme nemali \u017eiadne ekz\u00e9my ani vyr\u00e1\u017eky. Ka\u017ed\u00fa sobotu sa musela ulica riadne popolieva\u0165 a\u00a0vyzameta\u0165, bola rados\u0165 \u00eds\u0165 po takej \u010distej. My, deti, sme mali mo\u017enos\u0165 sa hr\u00e1va\u0165 s\u00a0loptou na \u201estrechy\u201c a\u00a0vyb\u00edjan\u00fa, lebo ulica bola dos\u0165 \u0161irok\u00e1. Chlapci radi behali aj za konsk\u00fdmi povozmi.<\/p>\n<p><a href=\"http:\/\/skalickyobzor.sk\/cms\/wp-content\/uploads\/2018\/03\/Page-9-Image-9.jpg\"><img loading=\"lazy\" decoding=\"async\" class=\"aligncenter size-full wp-image-606\" src=\"http:\/\/skalickyobzor.sk\/cms\/wp-content\/uploads\/2018\/03\/Page-9-Image-9.jpg\" alt=\"\" width=\"738\" height=\"410\" srcset=\"http:\/\/skalickyobzor.sk\/cms\/wp-content\/uploads\/2018\/03\/Page-9-Image-9.jpg 738w, http:\/\/skalickyobzor.sk\/cms\/wp-content\/uploads\/2018\/03\/Page-9-Image-9-300x167.jpg 300w\" sizes=\"auto, (max-width: 738px) 100vw, 738px\" \/><\/a><\/p>\n<p>Na malom v\u0155\u0161ku za potokom st\u00e1la P\u00e1lenica. Po zn\u00e1rodnen\u00ed tu zriadili strojno-traktorov\u00fa stanicu. To bola pre n\u00e1s z\u00e1bava, ke\u010f sme mohli podve\u010derom sledova\u0165 p\u00e1saky, zetory a\u00a0kombajny, ke\u010f sa vracali z\u00a0po\u013en\u00fdch pr\u00e1c!<\/p>\n<p>Dnes v\u0161ak z\u00a0tejto dlhej a\u00a0\u0161irokej ulice ostalo len p\u00e1r domov. Potok zatvorili do kanaliz\u00e1cie a\u00a0 nakoniec, ke\u010f v\u00a0Zlatn\u00edckej doline vybudovali k\u00fapalisko, takmer vyschol. Na jej hornom konci postavili \u0161kolu. Doln\u00fd koniec patr\u00ed materskej \u0161kole a\u00a0\u010das\u0165 z\u00e1hrad zabral detsk\u00fd domov. No, a\u00a0n\u00e1m ostali len spomienky.<\/p>\n","protected":false},"excerpt":{"rendered":"<div class=\"mh-excerpt\"><p>N\u00e1hody vraj neexistuj\u00fa a\u00a0 tak sa stalo, \u017ee sa v\u00a0redakcii stretli dva listy so spomienkami na legend\u00e1rny skalick\u00fd spl\u00e1vek. Prin\u00e1\u0161ame v\u00e1m obidva a\u00a0 te\u0161\u00edme sa na \u010fal\u0161ie va\u0161e spomienky, ktor\u00e9 o\u017eivia mo\u017eno aj\u00a0u\u017e neexistuj\u00face miesta.<\/p>\n<\/div>","protected":false},"author":22,"featured_media":610,"comment_status":"closed","ping_status":"closed","sticky":false,"template":"","format":"standard","meta":{"footnotes":""},"categories":[4],"tags":[],"class_list":{"0":"post-635","1":"post","2":"type-post","3":"status-publish","4":"format-standard","5":"has-post-thumbnail","7":"category-ja-su-ze-skalice"},"_links":{"self":[{"href":"http:\/\/skalickyobzor.sk\/cms\/wp-json\/wp\/v2\/posts\/635","targetHints":{"allow":["GET"]}}],"collection":[{"href":"http:\/\/skalickyobzor.sk\/cms\/wp-json\/wp\/v2\/posts"}],"about":[{"href":"http:\/\/skalickyobzor.sk\/cms\/wp-json\/wp\/v2\/types\/post"}],"author":[{"embeddable":true,"href":"http:\/\/skalickyobzor.sk\/cms\/wp-json\/wp\/v2\/users\/22"}],"replies":[{"embeddable":true,"href":"http:\/\/skalickyobzor.sk\/cms\/wp-json\/wp\/v2\/comments?post=635"}],"version-history":[{"count":1,"href":"http:\/\/skalickyobzor.sk\/cms\/wp-json\/wp\/v2\/posts\/635\/revisions"}],"predecessor-version":[{"id":636,"href":"http:\/\/skalickyobzor.sk\/cms\/wp-json\/wp\/v2\/posts\/635\/revisions\/636"}],"wp:featuredmedia":[{"embeddable":true,"href":"http:\/\/skalickyobzor.sk\/cms\/wp-json\/wp\/v2\/media\/610"}],"wp:attachment":[{"href":"http:\/\/skalickyobzor.sk\/cms\/wp-json\/wp\/v2\/media?parent=635"}],"wp:term":[{"taxonomy":"category","embeddable":true,"href":"http:\/\/skalickyobzor.sk\/cms\/wp-json\/wp\/v2\/categories?post=635"},{"taxonomy":"post_tag","embeddable":true,"href":"http:\/\/skalickyobzor.sk\/cms\/wp-json\/wp\/v2\/tags?post=635"}],"curies":[{"name":"wp","href":"https:\/\/api.w.org\/{rel}","templated":true}]}}