{"id":64,"date":"2017-11-01T00:08:11","date_gmt":"2017-10-31T23:08:11","guid":{"rendered":"http:\/\/skalickyobzor.sk\/cms\/?p=64"},"modified":"2017-10-31T23:11:48","modified_gmt":"2017-10-31T22:11:48","slug":"skalican-bola-na-folklornom-festivale-v-larnake","status":"publish","type":"post","link":"http:\/\/skalickyobzor.sk\/cms\/skalican-bola-na-folklornom-festivale-v-larnake\/","title":{"rendered":"Skali\u010dan bola na folkl\u00f3rnom festivale v Larnake"},"content":{"rendered":"<p><strong>Folkl\u00f3rny s\u00fabor Skali\u010dan chod\u00ed na Cyprus pravidelne \u2013 ka\u017ed\u00fdch 35 rokov. Tento rok v septembri to teda bolo druh\u00fdkr\u00e1t.<\/strong><\/p>\n<p><!--more--><\/p>\n<p>U\u017e pred odchodom sme sa dohodli, kto s k\u00fdm bude na izbe v roku 2052 \u2013 nevieme sa do\u010dka\u0165! Na\u0161e nad\u0161enie zo z\u00e1jazdu bolo v de\u0148 odchodu hmatate\u013en\u00e9 a nepokazil ho ani skor\u00fd rann\u00fd odchod. Cesta bola, ako oby\u010dajne, viac ne\u017e z\u00e1bavn\u00e1, mo\u017eno ste videli video \u201eKoncert v oblakoch\u201c, ktor\u00e9 sa stalo celkom popul\u00e1rnym, \u010do n\u00e1s nesmierne te\u0161\u00ed. Ke\u010f\u017ee takto cestujeme \u00faplne be\u017ene a v\u0161ade, ve\u013emi milo n\u00e1s prekvapilo, ak\u00fa rados\u0165 sme spolucestuj\u00facim a person\u00e1lu v lietadle urobili. Pr\u00edlet bol hladk\u00fd a z\u00e1jazd sa za\u010dal.<\/p>\n<p>Prv\u00e9 dva dni sme mali ma\u0165 vo\u013eno, nakoniec sa v\u0161ak podarilo vybavi\u0165 vyst\u00fapenie pre slovensk\u00fdch vojakov p\u00f4sobiacich na mierovej misii OSN v Nik\u00f3zii. V\u010fa\u010dn\u00e9 publikum, v\u00fdborn\u00fd gul\u00e1\u0161, a t\u00e1 atmosf\u00e9ra po vyst\u00fapen\u00ed, ke\u010f si vojaci za\u010dali rozkazova\u0165 pesni\u010dky u na\u0161ej muziky \u2013 v\u00e1\u017ene nezabudnute\u013en\u00fd z\u00e1\u017eitok! Na samotnom festivale sme s na\u0161\u00edm p\u00e1rov\u00fdm \u0161t\u00fdlom tanca a \u017eivou muzikou p\u00f4sobili trocha exoticky. Ostatn\u00e9 s\u00fabory z kraj\u00edn ako Cyprus, Gr\u00e9cko, Izrael, Egypt, Arm\u00e9nsko, Litva, Loty\u0161sko, Taliansko a \u010fal\u0161\u00edch maj\u00fa \u00faplne odli\u0161n\u00fd \u0161t\u00fdl folkl\u00f3ru.<\/p>\n<p>V\u0161etci sa v\u0161ak zhodli, \u017ee slovensk\u00fd folkl\u00f3r, a najm\u00e4 n\u00e1\u0161 skalick\u00fd, je jednoducho najkraj\u0161\u00ed (nahlas to s\u00edce nikto nepovedal, ale ur\u010dite si to mysleli). Na\u0161\u0165astie boli v\u0161etky vyst\u00fapenia organizovan\u00e9 a\u017e ve\u010der, tak\u017ee sme sa spotili len mierne. Hor\u0161ie to bolo so sprievodom cez de\u0148, vlastne s akouko\u013evek dennou \u010dinnos\u0165ou. Domorod\u00ed ob\u010dania s\u00edce chodili v rifliach a tenisk\u00e1ch, preto\u017ee pod\u013ea nich je pri 36 \u00b0C u\u017e zima, no my sme v tej hor\u00fa\u010dave zvl\u00e1dali len k\u00fapanie sa v mori a kr\u00e1tke v\u00fdlety po okol\u00ed.<\/p>\n<p>\u00dapln\u00e1 idylka pre n\u00e1s bol v\u00fdlet lo\u010fou, na ktor\u00fd organiz\u00e1tori festivalu zobrali v\u0161etk\u00fdch \u00fa\u010dinkuj\u00facich. \u010ealej od brehu teplota vody klesla z 29 \u00b0C na 28 \u00b0C, tak sme v\u0161etci od radosti, \u0161t\u00fdlom vyladen\u00fdm na most\u00edku v Skalick\u00fdch hor\u00e1ch, nask\u00e1kali do vody, aby sme sa ochladili. T\u00ed, ktor\u00fdm na schladenie sta\u010dil svie\u017ei morsk\u00fd v\u00e1nok na palube, zatia\u013e odpo\u010d\u00edvali alebo tancovali a spievali spolu s ostatn\u00fdmi \u00fa\u010dastn\u00edkmi.<\/p>\n<p>Najv\u00e4\u010d\u0161\u00edm prekvapen\u00edm pre n\u00e1s bolo mno\u017estvo Slov\u00e1kov na Cypre. Ka\u017ed\u00fa chv\u00ed\u013eu n\u00e1s niekto zastavil a p\u00fdtal sa, odkia\u013e sme. Najvtipnej\u0161\u00ed bol ve\u010der, ke\u010f sme si v krojoch vykra\u010dovali po ulici, a zrazu sa ozvalo: \u201eA vy ste odk\u00e1t?\u201c Reku: \u201eZe Skalice, vystupujeme tady na folkl\u00f3rn\u00e9m festivali.\u201c\u201e J\u00e9\u00e9\u00e9, j\u00e1 su z Petrovej Vsi!\u201c A u\u017e to i\u0161lo.<\/p>\n<p>Slovenku sme stretli v hoteli na recepcii, Skali\u010danku na na\u0161om vyst\u00fapen\u00ed, nesk\u00f4r dokonca sesternicu na\u0161ich tane\u010dn\u00ed\u010dok aj s mu\u017eom. V\u017edy sa pristavili, pozdravili, pozreli si vyst\u00fapenie, prehodili p\u00e1r mil\u00fdch slov a s nad\u0161en\u00edm, ak\u00fd je svet mal\u00fd, sme sa rozch\u00e1dzali. Svet je kr\u00e1sny, ale na\u0161i s\u00fa na\u0161i, doma je doma a n\u00e1\u0161 skalick\u00fd folkl\u00f3r je proste najkraj\u0161\u00ed.<\/p>\n<p>Sme hrd\u00ed, \u017ee sme mali mo\u017enos\u0165 aspo\u0148 tro\u0161ku z t\u00fdchto trad\u00edci\u00ed vynies\u0165 do zahrani\u010dia a spropagova\u0165 ich. P. S. Z\u00e1rove\u0148 by sme touto cestou chceli po\u010fakova\u0165 Ob\u010dianskemu zdru\u017eeniu KVARTETO, ktor\u00e9 n\u00e1m prispelo na letenky a umo\u017enilo n\u00e1m tak z\u00fa\u010dastni\u0165 sa nezabudnute\u013en\u00e9ho z\u00e1jazdu. \u010eakujeme!<\/p>\n<p>&nbsp;<\/p>\n<pre>V\u0161etk\u00fdch od 15 rokov so sklonmi k folkl\u00f3ru radi srde\u010dne priv\u00edtame v na\u0161om s\u00fabore. Sta\u010d\u00ed pr\u00eds\u0165 v ktor\u00fdko\u013evek piatok o 19.30 na I. Z\u0160 v Skalici, kde m\u00e1me n\u00e1cviky, a zobra\u0165 si so sebou tane\u010dn\u00fa obuv a veci na prezle\u010denie. \u010cak\u00e1 na v\u00e1s tanec, spev, kopec z\u00e1bavy a super \u013eudia. Te\u0161\u00edme sa.<\/pre>\n","protected":false},"excerpt":{"rendered":"<div class=\"mh-excerpt\"><p>Folkl\u00f3rny s\u00fabor Skali\u010dan chod\u00ed na Cyprus pravidelne \u2013 ka\u017ed\u00fdch 35 rokov. Tento rok v septembri to teda bolo druh\u00fdkr\u00e1t.<\/p>\n<\/div>","protected":false},"author":7,"featured_media":99,"comment_status":"closed","ping_status":"closed","sticky":false,"template":"","format":"standard","meta":{"footnotes":""},"categories":[7],"tags":[],"class_list":{"0":"post-64","1":"post","2":"type-post","3":"status-publish","4":"format-standard","5":"has-post-thumbnail","7":"category-studentsky-obzor"},"_links":{"self":[{"href":"http:\/\/skalickyobzor.sk\/cms\/wp-json\/wp\/v2\/posts\/64","targetHints":{"allow":["GET"]}}],"collection":[{"href":"http:\/\/skalickyobzor.sk\/cms\/wp-json\/wp\/v2\/posts"}],"about":[{"href":"http:\/\/skalickyobzor.sk\/cms\/wp-json\/wp\/v2\/types\/post"}],"author":[{"embeddable":true,"href":"http:\/\/skalickyobzor.sk\/cms\/wp-json\/wp\/v2\/users\/7"}],"replies":[{"embeddable":true,"href":"http:\/\/skalickyobzor.sk\/cms\/wp-json\/wp\/v2\/comments?post=64"}],"version-history":[{"count":1,"href":"http:\/\/skalickyobzor.sk\/cms\/wp-json\/wp\/v2\/posts\/64\/revisions"}],"predecessor-version":[{"id":65,"href":"http:\/\/skalickyobzor.sk\/cms\/wp-json\/wp\/v2\/posts\/64\/revisions\/65"}],"wp:featuredmedia":[{"embeddable":true,"href":"http:\/\/skalickyobzor.sk\/cms\/wp-json\/wp\/v2\/media\/99"}],"wp:attachment":[{"href":"http:\/\/skalickyobzor.sk\/cms\/wp-json\/wp\/v2\/media?parent=64"}],"wp:term":[{"taxonomy":"category","embeddable":true,"href":"http:\/\/skalickyobzor.sk\/cms\/wp-json\/wp\/v2\/categories?post=64"},{"taxonomy":"post_tag","embeddable":true,"href":"http:\/\/skalickyobzor.sk\/cms\/wp-json\/wp\/v2\/tags?post=64"}],"curies":[{"name":"wp","href":"https:\/\/api.w.org\/{rel}","templated":true}]}}