{"id":646,"date":"2018-04-02T00:20:09","date_gmt":"2018-04-01T22:20:09","guid":{"rendered":"http:\/\/skalickyobzor.sk\/cms\/?p=646"},"modified":"2020-11-24T16:28:49","modified_gmt":"2020-11-24T15:28:49","slug":"skalicke-ulice-sasinkova","status":"publish","type":"post","link":"http:\/\/skalickyobzor.sk\/cms\/skalicke-ulice-sasinkova\/","title":{"rendered":"Skalick\u00e9 ulice \u2013 Sasinkova"},"content":{"rendered":"<p>V\u00a0rubrike Skalick\u00e9 ulice predstavujeme \u010ditate\u013eom historick\u00e9 osobnosti, pod\u013ea ktor\u00fdch s\u00fa pomenovan\u00e9 ulice v\u00a0na\u0161om meste. Pokra\u010dujeme Sasinkovou ulicou, na ktorej n\u00e1jdeme aj jeho rodn\u00fd dom s\u00a0pam\u00e4tnou tabu\u013eou. Kto bol teda Franti\u0161ek V\u00ed\u0165azoslav Sasinek?<\/p>\n<p><!--more--><\/p>\n<p>Franti\u0161ek V\u00ed\u0165azoslav Sasinek (*11. decembra 1830, Skalica \u2013 \u202017. novembra 1914, \u0160tajersk\u00fd Hradec), patriarcha slovenskej historiografie, plodn\u00fd publicista, nadan\u00fd b\u00e1snik, skvel\u00fd re\u010dn\u00edk, rozh\u013eaden\u00fd politik, pohotov\u00fd \u017eurnalista, obetav\u00fd \u013eudov\u00fdchovn\u00fd pracovn\u00edk, uzrel svetlo sveta v\u00a0 rodine skalick\u00e9ho \u0161evca. \u0160tudoval v\u00a0Skalici (aby u\u013eah\u010dil rodi\u010dom, chodil ka\u017ed\u00fa sobotu na kant\u00e1ciu \u2013 spieva\u0165 do z\u00e1mo\u017enej\u0161\u00edch rod\u00edn; jeho detskej du\u0161e sa o. i. dotkla posledn\u00e1 verejn\u00e1 skalick\u00e1 poprava v\u00a0 roku 1843, ke\u010f popravili b\u00fdval\u00e9ho dr\u00e1ba J\u00e1na Danielika), n\u00e1sledne absolvoval vy\u0161\u0161ie gymn\u00e1zium v\u00a0ma\u010farskom Szolnoku a\u00a0 napokon \u0161t\u00fadium filozofie a\u00a0 teol\u00f3gie v\u00a0Bratislave.<\/p>\n<p>Tu vznikla aj jeho b\u00e1snick\u00e1 prvotina Piese\u0148 o\u00a0 slovansk\u00fdch blahozvestoch, ktor\u00fa nesk\u00f4r zhudobnil Mikul\u00e1\u0161 Schneider-Trnavsk\u00fd. P\u00f4sobil v\u00a0Tate, Pezinku a\u00a0Bratislave. Po troch rokoch odi\u0161iel do Bud\u00edna, kde ako prv\u00fd zo svojho vreckov\u00e9ho pr\u00edslu\u0161n\u00edka \u017eobravej rehole up\u00edsal sto zlat\u00fdch na kauciu slovensk\u00fdch nez\u00e1visl\u00fdch nov\u00edn Pe\u0161\u0165bud\u00ednske vedomosti. V\u00a0Bud\u00edne nap\u00edsal divadeln\u00fa hru Novoro\u010dn\u00fd d\u00e1rek pre dobr\u00e9 dietky a\u00a0Spevohru viano\u010dn\u00fa a\u00a0trojkr\u00e1\u013eov\u00fa. Pre hlbok\u00e9 n\u00e1rodn\u00e9 c\u00edtenie ho po ur\u010ditom \u010dase prelo\u017eili do rak\u00faskeho Mooru, \u010do ur\u00fdchlilo jeho rozhodnutie opusti\u0165\u00a0 kapuc\u00ednsku reho\u013eu. Jeho \u017eiadosti vyhoveli a\u017e roku 1864 na intervenciu banskobystrick\u00e9ho biskupa \u0160tefana Moyzesa.<\/p>\n<p>V\u00a0Banskej Bystrici vy\u0161lo jeho prv\u00e9 obsiahlej\u0161ie historick\u00e9 dielo Dejiny drievnych n\u00e1rodov na \u00fazem\u00ed teraj\u0161ieho Uhorska, v\u00a0 ktorom kon\u0161tatoval: \u201eVlas\u0165 na\u0161a uhorsk\u00e1 zalo\u017een\u00e1 je na slovansk\u00fdch z\u00e1kladoch a\u00a0 federat\u00edvnych zv\u00e4zkoch spolo\u010dn\u00fdch n\u00e1rodov Uhorska, nie ale pod\u013ea krvn\u00e9ho v\u00fdboja.\u201c V\u00a0tom \u010dase bol spolu s\u00a0 Radlinsk\u00fdm redaktorom \u010dasopisu Cyrill a\u00a0 Method s\u00a0pr\u00edlohami Slovesnos\u0165 a\u00a0Wojtech, ktor\u00fd vych\u00e1dzal v\u00a0Skalici. Po zvolen\u00ed za tajomn\u00edka Matice slovenskej v\u00a0roku 1869 prevzal aj redakciu Letopisu Matice slovenskej, kde publikoval svoje vedeck\u00e9 rozpravy. Po zru\u0161en\u00ed Matice slovenskej v\u00a0roku 1875 sa ods\u0165ahoval do Skalice a\u00a0znechuten\u00fd ustavi\u010dn\u00fdmi pr\u00edkoriami odi\u0161iel roku 1882 do Prahy. Na rodn\u00fa z\u00e1horsk\u00fa hrudu sa spolu s\u00a0 matkou vracia najprv do Rado\u0161oviec a\u00a0potom do K\u00fatov. Z\u00e1vere\u010dn\u00e9 roky svojho plodn\u00e9ho \u017eivota str\u00e1vil v\u00a0 rak\u00faskom Mariazelli a\u00a0 Algersdorfe.<\/p>\n<p>Zakladate\u013eom skalick\u00e9ho kruhu v\u00a0roku 1905 z\u00a0 Rak\u00faska nap\u00edsal: \u201e\u00d3, jak bla\u017eene bych sa bol c\u00edtil, keby za doby m\u00f4jho b\u00fdvania v\u00a0Skalici boli sa podarili tak\u00e9 pokroky, ktor\u00e9 teraz rozvese\u013euj\u00fa moje \u0161ediny.\u201c Po \u0165a\u017ekej chorobe t\u00ed\u0161ko usnul v\u00a0sanat\u00f3riu v\u00a0\u0160tajerskom Hradci. Pochovali ho v\u00a0ne\u010falekom Kainbachu, odkia\u013e v\u00a0roku 1930 previezli jeho telesn\u00e9 pozostatky do Skalice a\u00a0ulo\u017eili ich v\u00a0 hrobke starobylej Kaplnky sv. Anny.<\/p>\n","protected":false},"excerpt":{"rendered":"<div class=\"mh-excerpt\"><p>V\u00a0rubrike Skalick\u00e9 ulice predstavujeme \u010ditate\u013eom historick\u00e9 osobnosti, pod\u013ea ktor\u00fdch s\u00fa pomenovan\u00e9 ulice v\u00a0na\u0161om meste. Pokra\u010dujeme Sasinkovou ulicou, na ktorej n\u00e1jdeme aj jeho rodn\u00fd dom s\u00a0pam\u00e4tnou tabu\u013eou. Kto bol teda Franti\u0161ek V\u00ed\u0165azoslav Sasinek?<\/p>\n<\/div>","protected":false},"author":16,"featured_media":647,"comment_status":"closed","ping_status":"closed","sticky":false,"template":"","format":"standard","meta":{"footnotes":""},"categories":[24],"tags":[],"class_list":{"0":"post-646","1":"post","2":"type-post","3":"status-publish","4":"format-standard","5":"has-post-thumbnail","7":"category-skalicke-ulice"},"_links":{"self":[{"href":"http:\/\/skalickyobzor.sk\/cms\/wp-json\/wp\/v2\/posts\/646","targetHints":{"allow":["GET"]}}],"collection":[{"href":"http:\/\/skalickyobzor.sk\/cms\/wp-json\/wp\/v2\/posts"}],"about":[{"href":"http:\/\/skalickyobzor.sk\/cms\/wp-json\/wp\/v2\/types\/post"}],"author":[{"embeddable":true,"href":"http:\/\/skalickyobzor.sk\/cms\/wp-json\/wp\/v2\/users\/16"}],"replies":[{"embeddable":true,"href":"http:\/\/skalickyobzor.sk\/cms\/wp-json\/wp\/v2\/comments?post=646"}],"version-history":[{"count":1,"href":"http:\/\/skalickyobzor.sk\/cms\/wp-json\/wp\/v2\/posts\/646\/revisions"}],"predecessor-version":[{"id":648,"href":"http:\/\/skalickyobzor.sk\/cms\/wp-json\/wp\/v2\/posts\/646\/revisions\/648"}],"wp:featuredmedia":[{"embeddable":true,"href":"http:\/\/skalickyobzor.sk\/cms\/wp-json\/wp\/v2\/media\/647"}],"wp:attachment":[{"href":"http:\/\/skalickyobzor.sk\/cms\/wp-json\/wp\/v2\/media?parent=646"}],"wp:term":[{"taxonomy":"category","embeddable":true,"href":"http:\/\/skalickyobzor.sk\/cms\/wp-json\/wp\/v2\/categories?post=646"},{"taxonomy":"post_tag","embeddable":true,"href":"http:\/\/skalickyobzor.sk\/cms\/wp-json\/wp\/v2\/tags?post=646"}],"curies":[{"name":"wp","href":"https:\/\/api.w.org\/{rel}","templated":true}]}}