{"id":651,"date":"2018-04-02T00:25:01","date_gmt":"2018-04-01T22:25:01","guid":{"rendered":"http:\/\/skalickyobzor.sk\/cms\/?p=651"},"modified":"2018-05-14T12:14:18","modified_gmt":"2018-05-14T10:14:18","slug":"vazeni-poslanci-7","status":"publish","type":"post","link":"http:\/\/skalickyobzor.sk\/cms\/vazeni-poslanci-7\/","title":{"rendered":"V\u00e1\u017een\u00ed poslanci"},"content":{"rendered":"\n<p>D\u0148a 14. marca 2018 mestsk\u00e9 zastupite\u013estvo schv\u00e1lilo \u00fazemn\u00fd pl\u00e1n, ktor\u00e9ho s\u00fa\u010das\u0165ou s\u00fa aj pl\u00e1novan\u00e9 dopravn\u00e9 komunik\u00e1cie D3-V\u00e1\u017enick\u00e1 cesta a\u00a0 D2-pr\u00edpojka. Stalo sa tak napriek snahe ob\u010dianskej iniciat\u00edvy vy\u0148a\u0165 z\u00a0 pl\u00e1nu \u00daPN komunik\u00e1ciu D2, \u010do by zaru\u010dilo, \u017ee budovanie komunik\u00e1ci\u00ed, pripojen\u00fdch k\u00a0obchvatu za\u010dne hornou trasou D3. V\u00a0 celej situ\u00e1cii je pote\u0161uj\u00faci postoj niektor\u00fdch poslancov, \u017ee z\u00e1merom je vybudova\u0165 dopravn\u00fa komunik\u00e1ciu D3 (V\u00e1\u017enick\u00e1 cesta) ako prv\u00fa. Nesk\u00f4r realizovan\u00fa cestu D2 cez Kriv\u00e9 K\u00faty by chr\u00e1nila zna\u010dka, zakazuj\u00faca prejazd dopravy nad 3,5 tony. Vyzer\u00e1 to tak, \u017ee dobr\u00e1 v\u00f4\u013ea pre toto rie\u0161enie je. A\u00a0 v\u00a0 tejto chv\u00edli tomu ver\u00edme, v\u0161etko v\u0161ak v\u017edy z\u00e1vis\u00ed od hlasovania poslancov mestsk\u00e9ho zastupite\u013estva. <\/p>\n<p>Preto v\u00e1s, v\u00a0 mene ob\u010danov mesta, pros\u00edme o\u00a0 odpove\u010f na dve z\u00e1sadn\u00e9 ot\u00e1zky: <\/p>\n<p>Ot\u00e1zka \u010d.1 <\/p>\n<p>S\u00fahlas\u00edte, aby sa ako prv\u00e1 vybudovala \u201eD3-V\u00e1\u017enick\u00e1 cesta \u2013 severn\u00fd obchvat Skalice\u201c e\u0161te pred \u201epr\u00edpojkou D2\u201c? <\/p>\n<p>Ot\u00e1zka\u00a0 \u010d.2 <\/p>\n<p>Budete vybudovanie \u201eD3-V\u00e1\u017enick\u00e1 cesta \u2013 severn\u00fd obchvat Skalice\u201c presadzova\u0165 e\u0161te v\u00a0tomto volebnom obdob\u00ed? <\/p>\n<p>Odpove\u010f: <strong>\u00c1NO \/ NIE \/ NEVIEM <\/strong><\/p>\n<p>VYSVETLIVKY:<br \/>\n0 neodpovedal<br \/>\n? nedal jednozna\u010dn\u00fa odpove\u010f<\/p>\n<p>&nbsp;<\/p>\n<div id=\"poslanci\">\n<div class=\"poslanec\">\n<div class=\"foto\"><img decoding=\"async\" src=\"http:\/\/skalickyobzor.sk\/cms\/wp-content\/uploads\/2017\/10\/fotka_poslanca.jpg\" \/><\/div>\n<div class=\"meno\">BAR\u00c1T \u013dudov\u00edt<\/div>\n<div class=\"odpoved\">0<\/div>\n<\/div>\n<div class=\"poslanec\">\n<div class=\"foto\"><img decoding=\"async\" src=\"http:\/\/skalickyobzor.sk\/cms\/wp-content\/uploads\/2017\/10\/peter_bartos.jpg\" \/><\/div>\n<div class=\"meno\">BARTO\u0160 Peter<\/div>\n<div class=\"odpoved\">0<\/div>\n<\/div>\n<div class=\"poslanec\">\n<div class=\"foto\"><img decoding=\"async\" src=\"http:\/\/skalickyobzor.sk\/cms\/wp-content\/uploads\/2017\/10\/fotka_poslanca.jpg\" \/><\/div>\n<div class=\"meno\">\u010cUNDERL\u00cdK Juraj<\/div>\n<div class=\"odpoved\">0<\/div>\n<\/div>\n<div class=\"poslanec\">\n<div class=\"foto\"><img decoding=\"async\" src=\"http:\/\/skalickyobzor.sk\/cms\/wp-content\/uploads\/2017\/10\/fotka_poslanca.jpg\" \/><\/div>\n<div class=\"meno\">CHOVANEC Stanislav<\/div>\n<div class=\"odpoved\">0<\/div>\n<\/div>\n<div class=\"poslanec\">\n<div class=\"foto\"><img decoding=\"async\" src=\"http:\/\/skalickyobzor.sk\/cms\/wp-content\/uploads\/2017\/10\/fotka_poslanca.jpg\" \/><\/div>\n<div class=\"meno\">KADLE\u010c\u00cdK Franti\u0161ek<\/div>\n<div class=\"odpoved\">0<\/div>\n<\/div>\n<div class=\"poslanec\">\n<div class=\"foto\"><img decoding=\"async\" src=\"http:\/\/skalickyobzor.sk\/cms\/wp-content\/uploads\/2017\/10\/martin_kojs.jpg\" \/><\/div>\n<div class=\"meno\">KOJ\u0160 Martin<\/div>\n<div class=\"odpoved\">\u00c1NO \/ \u00c1NO<\/div>\n<\/div>\n<div class=\"poslanec\">\n<div class=\"foto\"><img decoding=\"async\" src=\"http:\/\/skalickyobzor.sk\/cms\/wp-content\/uploads\/2017\/10\/ludovit_kosik.jpg\" \/><\/div>\n<div class=\"meno\">KO\u0160\u00cdK \u013dudov\u00edt<\/div>\n<div class=\"odpoved\">\u00c1NO \/ \u00c1NO<\/div>\n<\/div>\n<div class=\"poslanec\">\n<div class=\"foto\"><img decoding=\"async\" src=\"http:\/\/skalickyobzor.sk\/cms\/wp-content\/uploads\/2017\/10\/peter_kosik.jpg\" \/><\/div>\n<div class=\"meno\">KO\u0160\u00cdK Peter<\/div>\n<div class=\"odpoved\">0<\/div>\n<\/div>\n<div class=\"poslanec\">\n<div class=\"foto\"><img decoding=\"async\" src=\"http:\/\/skalickyobzor.sk\/cms\/wp-content\/uploads\/2017\/10\/dusan_krivsky.jpg\" \/><\/div>\n<div class=\"meno\">KRIVSK\u00dd Du\u0161an<\/div>\n<div class=\"odpoved\">0<\/div>\n<\/div>\n<div class=\"poslanec\">\n<div class=\"foto\"><img decoding=\"async\" src=\"http:\/\/skalickyobzor.sk\/cms\/wp-content\/uploads\/2017\/10\/anna_ozabalova.jpg\" \/><\/div>\n<div class=\"meno\">OZ\u00c1BALOV\u00c1 Anna<\/div>\n<div class=\"odpoved\">\u00c1NO \/ \u00c1NO<\/div>\n<\/div>\n<div class=\"poslanec\">\n<div class=\"foto\"><img decoding=\"async\" src=\"http:\/\/skalickyobzor.sk\/cms\/wp-content\/uploads\/2017\/12\/peter_pagac.jpg\" \/><\/div>\n<div class=\"meno\">PAG\u00c1\u010c Peter<\/div>\n<div class=\"odpoved\">0<\/div>\n<\/div>\n<div class=\"poslanec\">\n<div class=\"foto\"><img decoding=\"async\" src=\"http:\/\/skalickyobzor.sk\/cms\/wp-content\/uploads\/2017\/10\/jana_rekosova.jpg\" \/><\/div>\n<div class=\"meno\">REKO\u0160OV\u00c1 Jana<\/div>\n<div class=\"odpoved\">0<\/div>\n<\/div>\n<div class=\"poslanec\">\n<div class=\"foto\"><img decoding=\"async\" src=\"http:\/\/skalickyobzor.sk\/cms\/wp-content\/uploads\/2017\/12\/milan_roman.jpg\" \/><\/div>\n<div class=\"meno\">ROMAN Milan<\/div>\n<div class=\"odpoved\">\u00c1NO \/ \u00c1NO<\/div>\n<\/div>\n<div class=\"poslanec\">\n<div class=\"foto\"><img decoding=\"async\" src=\"http:\/\/skalickyobzor.sk\/cms\/wp-content\/uploads\/2017\/10\/michal_srholec.jpg\" \/><\/div>\n<div class=\"meno\">SRHOLEC Michal<\/div>\n<div class=\"odpoved\">0<\/div>\n<\/div>\n<div class=\"poslanec\">\n<div class=\"foto\"><img decoding=\"async\" src=\"http:\/\/skalickyobzor.sk\/cms\/wp-content\/uploads\/2017\/10\/fotka_poslanca.jpg\" \/><\/div>\n<div class=\"meno\">\u0160ANTAV\u00dd Rudolf<\/div>\n<div class=\"odpoved\">0<\/div>\n<\/div>\n<div class=\"poslanec\">\n<div class=\"foto\"><img decoding=\"async\" src=\"http:\/\/skalickyobzor.sk\/cms\/wp-content\/uploads\/2018\/03\/roman_spacek.jpg\" \/><\/div>\n<div class=\"meno\">\u0160PA\u010cEK Roman<\/div>\n<div class=\"odpoved\">\u00c1NO \/ \u00c1NO<\/div>\n<\/div>\n<div class=\"poslanec\">\n<div class=\"foto\"><img decoding=\"async\" src=\"http:\/\/skalickyobzor.sk\/cms\/wp-content\/uploads\/2017\/10\/frantisek_stefanec.jpg\" \/><\/div>\n<div class=\"meno\">\u0160TEFANEC Franti\u0161ek<\/div>\n<div class=\"odpoved\">NIE \/ \u00c1NO<\/div>\n<\/div>\n<div class=\"poslanec\">\n<div class=\"foto\"><img decoding=\"async\" src=\"http:\/\/skalickyobzor.sk\/cms\/wp-content\/uploads\/2017\/10\/lukas_tison.jpg\" \/><\/div>\n<div class=\"meno\">TISO\u0147 Luk\u00e1\u0161<\/div>\n<div class=\"odpoved\">0<\/div>\n<\/div>\n<div class=\"poslanec\">\n<div class=\"foto\"><img decoding=\"async\" src=\"http:\/\/skalickyobzor.sk\/cms\/wp-content\/uploads\/2018\/03\/alexander_toth.jpg\" \/><\/div>\n<div class=\"meno\">T\u00d3TH Alexander<\/div>\n<div class=\"odpoved\">0<\/div>\n<\/div>\n<div class=\"poslanec\">\n<div class=\"foto\"><img decoding=\"async\" src=\"http:\/\/skalickyobzor.sk\/cms\/wp-content\/uploads\/2017\/10\/daniel_vidovic.jpg\" \/><\/div>\n<div class=\"meno\">VIDOVI\u010c Daniel<\/div>\n<div class=\"odpoved\">\u00c1NO \/ \u00c1NO<\/div>\n<\/div>\n<\/div>\n<p>&nbsp;<\/p>\n<p>&nbsp;<\/p>\n<p><em>Mil\u00ed Skali\u010dania, zauj\u00edma v\u00e1s dajak\u00e1 t\u00e9ma alebo m\u00e1te ot\u00e1zku na poslancov? Podnety m\u00f4\u017eete zasiela\u0165 na adresu redakcie skalickyobzor@skalickyobzor.sk. \u010eakujeme!<\/em><\/p>\n","protected":false},"excerpt":{"rendered":"<div class=\"mh-excerpt\"><p>D\u0148a 14. marca 2018 mestsk\u00e9 zastupite\u013estvo schv\u00e1lilo \u00fazemn\u00fd pl\u00e1n, ktor\u00e9ho s\u00fa\u010das\u0165ou s\u00fa aj pl\u00e1novan\u00e9 dopravn\u00e9 komunik\u00e1cie D3-V\u00e1\u017enick\u00e1 cesta a\u00a0 D2-pr\u00edpojka. Stalo sa tak napriek snahe ob\u010dianskej iniciat\u00edvy vy\u0148a\u0165 z\u00a0 pl\u00e1nu \u00daPN komunik\u00e1ciu D2, \u010do by <a class=\"mh-excerpt-more\" href=\"http:\/\/skalickyobzor.sk\/cms\/vazeni-poslanci-7\/\" title=\"V\u00e1\u017een\u00ed poslanci\">[&#8230;]<\/a><\/p>\n<\/div>","protected":false},"author":1,"featured_media":239,"comment_status":"closed","ping_status":"closed","sticky":false,"template":"","format":"standard","meta":{"footnotes":""},"categories":[9],"tags":[],"class_list":{"0":"post-651","1":"post","2":"type-post","3":"status-publish","4":"format-standard","5":"has-post-thumbnail","7":"category-vazeni-poslanci"},"_links":{"self":[{"href":"http:\/\/skalickyobzor.sk\/cms\/wp-json\/wp\/v2\/posts\/651","targetHints":{"allow":["GET"]}}],"collection":[{"href":"http:\/\/skalickyobzor.sk\/cms\/wp-json\/wp\/v2\/posts"}],"about":[{"href":"http:\/\/skalickyobzor.sk\/cms\/wp-json\/wp\/v2\/types\/post"}],"author":[{"embeddable":true,"href":"http:\/\/skalickyobzor.sk\/cms\/wp-json\/wp\/v2\/users\/1"}],"replies":[{"embeddable":true,"href":"http:\/\/skalickyobzor.sk\/cms\/wp-json\/wp\/v2\/comments?post=651"}],"version-history":[{"count":1,"href":"http:\/\/skalickyobzor.sk\/cms\/wp-json\/wp\/v2\/posts\/651\/revisions"}],"predecessor-version":[{"id":653,"href":"http:\/\/skalickyobzor.sk\/cms\/wp-json\/wp\/v2\/posts\/651\/revisions\/653"}],"wp:featuredmedia":[{"embeddable":true,"href":"http:\/\/skalickyobzor.sk\/cms\/wp-json\/wp\/v2\/media\/239"}],"wp:attachment":[{"href":"http:\/\/skalickyobzor.sk\/cms\/wp-json\/wp\/v2\/media?parent=651"}],"wp:term":[{"taxonomy":"category","embeddable":true,"href":"http:\/\/skalickyobzor.sk\/cms\/wp-json\/wp\/v2\/categories?post=651"},{"taxonomy":"post_tag","embeddable":true,"href":"http:\/\/skalickyobzor.sk\/cms\/wp-json\/wp\/v2\/tags?post=651"}],"curies":[{"name":"wp","href":"https:\/\/api.w.org\/{rel}","templated":true}]}}