{"id":695,"date":"2018-05-14T11:15:08","date_gmt":"2018-05-14T09:15:08","guid":{"rendered":"http:\/\/skalickyobzor.sk\/cms\/?p=695"},"modified":"2018-06-07T21:54:34","modified_gmt":"2018-06-07T19:54:34","slug":"skalicke-vinecko-ma-zvuk","status":"publish","type":"post","link":"http:\/\/skalickyobzor.sk\/cms\/skalicke-vinecko-ma-zvuk\/","title":{"rendered":"Skalick\u00e9 v\u00edne\u010dko m\u00e1 zvuk!"},"content":{"rendered":"<p>V\u0161etko so v\u0161etk\u00fdm s\u00favis\u00ed a\u00a0 nepochybne v\u00edno s\u00favis\u00ed s\u00a0 pesni\u010dkami. Tento raz v\u00fdznamn\u00e1 udalos\u0165, akou nepochybne z\u00e1pis v\u00edna Skalick\u00fd rub\u00edn do registra chr\u00e1nen\u00fdch ozna\u010den\u00ed p\u00f4vodu je, vyniesla na svetlo spomienku na piese\u0148 \u013dudov\u00edta Godi\u0161ku Skalick\u00e9 v\u00edne\u010dko. Pripomenul n\u00e1m ju svoj\u00edm listom Pavel Sop\u00fa\u0161ek a\u00a0 my sme pre v\u00e1s zhrnuli zauj\u00edmav\u00e9 inform\u00e1cie.<\/p>\n<p><!--more--><\/p>\n<p>M\u00e1loktor\u00e9 zo slovensk\u00fdch miest, ak v\u00f4bec nejak\u00e9, sa m\u00f4\u017ee pop\u00fd\u0161i\u0165 tak ve\u013ek\u00fdm mno\u017estvom piesn\u00ed, v\u00a0ktor\u00fdch sa spom\u00edna. Samozrejme, \u017ee poloha na hranici Z\u00e1horia a\u00a0Moravy, \u00farodn\u00fd kraj a\u00a0 v\u00edno, ako gener\u00e1tor mel\u00f3di\u00ed, s\u00fa v\u00a0 s\u00fa\u010dinnosti vynikaj\u00facou kon\u0161tel\u00e1ciou. Okrem \u013eudov\u00fdch piesn\u00ed je to i\u00a0rad autorsk\u00fdch mel\u00f3di\u00ed. K\u00a0t\u00fdm menej zn\u00e1mym, predov\u0161etk\u00fdm\u00a0 v\u010faka star\u0161iemu d\u00e1tumu jej vzniku, patr\u00ed aj\u00a0skladba \u013dudov\u00edta Godi\u0161ku.<\/p>\n<p><img loading=\"lazy\" decoding=\"async\" class=\"alignnone size-full wp-image-669\" src=\"http:\/\/skalickyobzor.sk\/cms\/wp-content\/uploads\/2018\/05\/Obzor_5_web-060.png\" alt=\"\" width=\"743\" height=\"700\" srcset=\"http:\/\/skalickyobzor.sk\/cms\/wp-content\/uploads\/2018\/05\/Obzor_5_web-060.png 743w, http:\/\/skalickyobzor.sk\/cms\/wp-content\/uploads\/2018\/05\/Obzor_5_web-060-300x283.png 300w\" sizes=\"auto, (max-width: 743px) 100vw, 743px\" \/><\/p>\n<p>Skalick\u00fd muzikol\u00f3g Peter Michalovi\u010d venoval piesni pozornos\u0165 pri pr\u00edle\u017eitosti vtedaj\u0161\u00edch 75. autorov\u00fdch naroden\u00edn. Vo svojom texte, uverejnenom v\u00a0roku 1995 v\u00a0Skalick\u00fdch novin\u00e1ch, okrem in\u00e9ho uv\u00e1dza: \u201eT\u00e1to piese\u0148 bola tie\u017e nahran\u00e1 v\u00a0roku 1941 na gramoplat\u0148u a\u00a0 je d\u00f4kazom autorovho citu pre vytvorenie \u013e\u00fabivej piesne. Je v\u00a0nej trocha sentiment\u00e1lnej n\u00e1lady i\u00a0humoru, chyt\u013eavej melodickosti, proste v\u0161etko, \u010do m\u00e1 tak\u00fd tane\u010dn\u00fd \u0161l\u00e1ger obsahova\u0165.\u201c<\/p>\n<p>Pre spolo\u010dnos\u0165 E.S.T.A. ju s\u00a0 Orchestrom S. E. Nov\u00e1\u010dka naspieval Janko Blaho. Do tajomstva vzniku piesne a\u00a0 autorovej in\u0161pir\u00e1cie n\u00e1s bez pochybnost\u00ed uvedie pozn\u00e1mka, ktor\u00fa \u013dudov\u00edt Godi\u0161ka nap\u00edsal pod notov\u00fa partit\u00faru piesne: Zlo\u017een\u00e9 z\u00a0 t\u00fa\u017eby za Skalicou mojou rodnou, v\u00a0 Banskej Bystrici r. 1938.<\/p>\n<p><a href=\"http:\/\/azlyrics9.online\/play\/skalick%c3%a9-v%c3%adne%c4%8dko-janko-blaho\/waMpn2X_GOM.html\" target=\"_blank\" rel=\"noopener\">Vypo\u010dujte si si piese\u0148 Skalick\u00e9 V\u00edne\u010dko, Janko Blaho<\/a>.<\/p>\n<pre>\u013dUDOV\u00cdT GODI\u0160KA\r\n\r\n(22. febru\u00e1r 1920 \u2013 22. november 2011) \r\n\r\nNarodil sa v\u00a0 Skalici, no hne\u010f na prahu dospelosti odi\u0161iel do Banskej Bystrice. Tu vznikla jeho sl\u00e1vna skladba To na\u0161e kr\u00e1sne Pohronie, ktorou sa etabloval ako skladate\u013e. Piese\u0148, rovnako ako aj Skalick\u00e9 v\u00edne\u010dko, naspieval a\u00a0 nahral Dr. Janko Blaho. V\u00a0 roku 1942 pri\u0161iel \u013dudov\u00edt Godi\u0161ka do Svitu a\u00a0okrem in\u00e9ho i\u00a0z\u00a0nostalgie za sadmi na rodnom Z\u00e1hor\u00ed sa stal inici\u00e1torom a\u00a0zakladate\u013eom z\u00e1hradk\u00e1rskej organiz\u00e1cie. Po cel\u00fd \u017eivot bol akt\u00edvnym a\u00a0ve\u013emi ob\u013e\u00faben\u00fdm muzikantom. Rozsiahly \u010dl\u00e1nok, uverejnen\u00fd v\u00a0roku 2009 v\u00a0novin\u00e1ch Mesto Svit, popisuje i\u00a0jeho vyst\u00fapenia, na ktor\u00e9 \u201e... chodilo to\u013eko \u013eud\u00ed, \u017ee sa ani \u010dastokr\u00e1t nevmestili, tak kr\u00fa\u017eili okolo spolo\u010densk\u00e9ho domu a\u00a0po\u010d\u00favali hudbu. A\u00a0bavili sa tu \u013eudia od Mikul\u00e1\u0161a a\u017e po Spi\u0161sk\u00fa Nov\u00fa Ves.\u201c \u013dudov\u00edt Godi\u0161ka zomrel vo\u00a0Svite vo veku 91 rokov a\u00a0stal sa s\u00fa\u010das\u0165ou aj jeho hist\u00f3rie.<\/pre>\n<p>&nbsp;<\/p>\n<p>&nbsp;<\/p>\n","protected":false},"excerpt":{"rendered":"<div class=\"mh-excerpt\"><p>V\u0161etko so v\u0161etk\u00fdm s\u00favis\u00ed a\u00a0 nepochybne v\u00edno s\u00favis\u00ed s\u00a0 pesni\u010dkami. Tento raz v\u00fdznamn\u00e1 udalos\u0165, akou nepochybne z\u00e1pis v\u00edna Skalick\u00fd rub\u00edn do registra chr\u00e1nen\u00fdch ozna\u010den\u00ed p\u00f4vodu je, vyniesla na svetlo spomienku na piese\u0148 \u013dudov\u00edta Godi\u0161ku Skalick\u00e9 <a class=\"mh-excerpt-more\" href=\"http:\/\/skalickyobzor.sk\/cms\/skalicke-vinecko-ma-zvuk\/\" title=\"Skalick\u00e9 v\u00edne\u010dko m\u00e1 zvuk!\">[&#8230;]<\/a><\/p>\n<\/div>","protected":false},"author":1,"featured_media":672,"comment_status":"closed","ping_status":"closed","sticky":false,"template":"","format":"standard","meta":{"footnotes":""},"categories":[4],"tags":[],"class_list":{"0":"post-695","1":"post","2":"type-post","3":"status-publish","4":"format-standard","5":"has-post-thumbnail","7":"category-ja-su-ze-skalice"},"_links":{"self":[{"href":"http:\/\/skalickyobzor.sk\/cms\/wp-json\/wp\/v2\/posts\/695","targetHints":{"allow":["GET"]}}],"collection":[{"href":"http:\/\/skalickyobzor.sk\/cms\/wp-json\/wp\/v2\/posts"}],"about":[{"href":"http:\/\/skalickyobzor.sk\/cms\/wp-json\/wp\/v2\/types\/post"}],"author":[{"embeddable":true,"href":"http:\/\/skalickyobzor.sk\/cms\/wp-json\/wp\/v2\/users\/1"}],"replies":[{"embeddable":true,"href":"http:\/\/skalickyobzor.sk\/cms\/wp-json\/wp\/v2\/comments?post=695"}],"version-history":[{"count":2,"href":"http:\/\/skalickyobzor.sk\/cms\/wp-json\/wp\/v2\/posts\/695\/revisions"}],"predecessor-version":[{"id":789,"href":"http:\/\/skalickyobzor.sk\/cms\/wp-json\/wp\/v2\/posts\/695\/revisions\/789"}],"wp:featuredmedia":[{"embeddable":true,"href":"http:\/\/skalickyobzor.sk\/cms\/wp-json\/wp\/v2\/media\/672"}],"wp:attachment":[{"href":"http:\/\/skalickyobzor.sk\/cms\/wp-json\/wp\/v2\/media?parent=695"}],"wp:term":[{"taxonomy":"category","embeddable":true,"href":"http:\/\/skalickyobzor.sk\/cms\/wp-json\/wp\/v2\/categories?post=695"},{"taxonomy":"post_tag","embeddable":true,"href":"http:\/\/skalickyobzor.sk\/cms\/wp-json\/wp\/v2\/tags?post=695"}],"curies":[{"name":"wp","href":"https:\/\/api.w.org\/{rel}","templated":true}]}}