{"id":697,"date":"2018-05-14T11:22:34","date_gmt":"2018-05-14T09:22:34","guid":{"rendered":"http:\/\/skalickyobzor.sk\/cms\/?p=697"},"modified":"2018-05-14T11:22:34","modified_gmt":"2018-05-14T09:22:34","slug":"jasne-slnce-na-urbana-hojnost-dobreho-vina-znamena","status":"publish","type":"post","link":"http:\/\/skalickyobzor.sk\/cms\/jasne-slnce-na-urbana-hojnost-dobreho-vina-znamena\/","title":{"rendered":"Jasn\u00e9 slnce na Urbana hojnos\u0165 dobr\u00e9ho v\u00edna znamen\u00e1"},"content":{"rendered":"<p>Jedn\u00fdm z\u00a0 najv\u00fdznamnej\u0161\u00edch remesiel bolo vinohradn\u00edctvo. To malo v\u00a0 Skalici trad\u00edciu pravdepodobne od za\u010diatku 15. storo\u010dia, av\u0161ak s\u00a0 ve\u013ek\u00fdm vys\u00e1dzan\u00edm a\u00a0 pestovan\u00edm vini\u010da sa za\u010dalo v\u00a0 15.\u00a0 a\u017e\u00a0 16. storo\u010d\u00ed. V tejto dobe malo mesto svoj vlastn\u00fd v\u00fd\u010dap, na radnici, kde sa pred\u00e1valo mestsk\u00e9 v\u00edno.<\/p>\n<p><!--more--><\/p>\n<p>V\u00ednom sa ob\u010das platilo aj zamestnancom mesta. O v\u00fdzname a \u00facte k vinohradn\u00edctvu sved\u010d\u00ed aj to, \u017ee za kr\u00e1de\u017e hrozna bol trest smrti, ktor\u00fd bol v\u00a0roku 1616 pozmenen\u00fd na pokutu 25 zlat\u00fdch a\u00a0 v\u00a0 roku 1629 na pokutu 100 zlat\u00fdch. Vinohradn\u00edci boli zdru\u017een\u00ed v\u00a0Bratstve sv. Urbana, zalo\u017eenom na sp\u00f4sob remeseln\u00edckeho cechu.<\/p>\n<h3>BRATSTVO SV. URBANA V\u00a0SKALICI<\/h3>\n<p>K\u00fdm sa dostaneme k\u00a0 Hurbanistom, ako si pod\u013ea dne\u0161n\u00e9ho n\u00e1zvu Bratstva jeho \u010dlenovia hovoria, \u010dak\u00e1 n\u00e1s cesta s\u00a0 nieko\u013ek\u00fdmi odbo\u010dkami a\u00a0 zastaveniami. Na tomto mieste sa nechceme venova\u0165 mnohokr\u00e1t a\u00a0podrobne spracovanej hist\u00f3rii vinohradn\u00edctva v\u00a0 na\u0161om meste. Je v\u0161ak m\u00e1j a\u00a025. de\u0148 tohto mesiaca patr\u00ed sv. Urbanovi, patr\u00f3novi vinohradn\u00edkov.<\/p>\n<figure id=\"attachment_677\" aria-describedby=\"caption-attachment-677\" style=\"width: 355px\" class=\"wp-caption aligncenter\"><img loading=\"lazy\" decoding=\"async\" class=\"size-full wp-image-677\" src=\"http:\/\/skalickyobzor.sk\/cms\/wp-content\/uploads\/2018\/05\/Obzor_5_web-052.jpg\" alt=\"\" width=\"355\" height=\"489\" srcset=\"http:\/\/skalickyobzor.sk\/cms\/wp-content\/uploads\/2018\/05\/Obzor_5_web-052.jpg 355w, http:\/\/skalickyobzor.sk\/cms\/wp-content\/uploads\/2018\/05\/Obzor_5_web-052-218x300.jpg 218w\" sizes=\"auto, (max-width: 355px) 100vw, 355px\" \/><figcaption id=\"caption-attachment-677\" class=\"wp-caption-text\">Foto: Eduard Timko<\/figcaption><\/figure>\n<p>Star\u00fd Obzor, ktor\u00fd v\u00a0Skalici vyd\u00e1val Daniel Lichard a\u00a0 tla\u010dila \u0160karniclova tla\u010diare\u0148, 15. febru\u00e1ra 1870 v\u00a0 \u010dl\u00e1nku Z\u00a0heraldiky remeseln\u00edckej p\u00ed\u0161e o\u00a0sv. Urbanovi ako o\u00a0 patr\u00f3novi \u201e\u0161enk\u00e1rov a\u00a0 hostinsk\u00fdch v\u00f4bec &#8230;, v\u00a0 jeho\u017e de\u0148 mu\u010dedn\u00edckej smrti v\u00edno pr\u0161alo\u201c.<\/p>\n<p>V\u00a0 tento de\u0148 sa vo vinohradoch za\u010d\u00ednaj\u00fa zelen\u00e9 pr\u00e1ce, ktor\u00e9 pokra\u010duj\u00fa a\u017e do Anny. S\u00fa\u010dasne je to obdobie, v\u00a0 ktorom potrebuj\u00fa vinohradn\u00edci svojho patr\u00f3na najviac. Plastiky a\u00a0sochy sv. Urbana n\u00e1jdeme na mnoh\u00fdch miestach, spojen\u00fdch s\u00a0 pestovan\u00edm, spracov\u00e1van\u00edm i\u00a0 konzum\u00e1ciou v\u00edna, av\u0161ak aj v\u00a0 pivniciach, arch\u00edvoch v\u00edn i\u00a0 dom\u00e1cnostiach vin\u00e1rov. Jeho patron\u00e1ciu nesie dokonca rad kaplniek a\u00a0 men\u0161\u00edch kostolov, spojen\u00fdch s\u00a0 vinohradn\u00edckymi oblas\u0165ami.<\/p>\n<h3>PATR\u00d3N NA VINICI<\/h3>\n<p>Pravdepodobne od 16. storo\u010dia stoj\u00ed aj na okraji Skalice kostol\u00edk zasv\u00e4ten\u00fd sv. Urbanovi. Ke\u010f ho stavali, bolo toto miesto celkom mimo intravil\u00e1nu mesta, uprostred vin\u00edc. V\u00a0roku 1759 bol kostol prestavan\u00fd a\u00a0roz\u0161\u00edren\u00fd. U\u017e v\u00a0 tej dobe sa o\u0148 staralo Bratstvo sv. Urbana. M\u00e1lo vyu\u017e\u00edvan\u00e1 stavba na okraji \u00fazemia mesta i\u00a0 spolo\u010densk\u00e9ho z\u00e1ujmu v\u0161ak v\u00a0 minulom storo\u010d\u00ed dos\u0165 chradla.<\/p>\n<figure id=\"attachment_674\" aria-describedby=\"caption-attachment-674\" style=\"width: 354px\" class=\"wp-caption aligncenter\"><img loading=\"lazy\" decoding=\"async\" class=\"size-full wp-image-674\" src=\"http:\/\/skalickyobzor.sk\/cms\/wp-content\/uploads\/2018\/05\/Obzor_5_web-055.jpg\" alt=\"\" width=\"354\" height=\"513\" srcset=\"http:\/\/skalickyobzor.sk\/cms\/wp-content\/uploads\/2018\/05\/Obzor_5_web-055.jpg 354w, http:\/\/skalickyobzor.sk\/cms\/wp-content\/uploads\/2018\/05\/Obzor_5_web-055-207x300.jpg 207w\" sizes=\"auto, (max-width: 354px) 100vw, 354px\" \/><figcaption id=\"caption-attachment-674\" class=\"wp-caption-text\">\u0160t\u00e1tny arch\u00edv Skalica<\/figcaption><\/figure>\n<p>Celkovej rekon\u0161trukcie, aj s\u00a0nov\u00fdm obetn\u00fdm stolom a\u00a0vynoven\u00fdm olt\u00e1rom, sa napokon kostol\u00edk do\u010dkal na po\u010diatku \u010fal\u0161ieho tis\u00edcro\u010dia. 26. m\u00e1ja 2012 bol na sv\u00e4tej om\u0161i sl\u00e1vnostne vysv\u00e4ten\u00fd bratislavsk\u00fdm arcibiskupom Stanislavom Zvolensk\u00fdm, za \u00fa\u010dasti k\u0148azov Skalick\u00e9ho dekan\u00e1tu a\u00a0\u010fal\u0161\u00edch host\u00ed. Na sviatok patr\u00f3na vinohradn\u00edkov sa v\u00a0kostol\u00edku sv. Urbana k\u00a0\u00fa\u010dasti na tradi\u010dnej sl\u00e1vnostnej om\u0161i op\u00e4\u0165 sch\u00e1dzaj\u00fa majitelia vinohradov a\u00a0pestovatelia v\u00edna.<\/p>\n<h3>KDE SA BRATSTVO VZALO?<\/h3>\n<p>Tu mus\u00edme znova na chv\u00ed\u013eu odbo\u010di\u0165 a\u00a0 sledova\u0165 cestu v\u00fdznamn\u00e9ho skalick\u00e9ho rod\u00e1ka, k\u0148aza a\u00a0historika ThDr. Jozefa \u0160\u00e1tka. Ten, po \u0161t\u00fadiu na miestnom gymn\u00e1ziu, pokra\u010doval v\u00a0\u0161t\u00fadiu na Teologickej fakulte v\u00a0 \u0160trasburgu, v\u00a0 roku 1933 bol vysv\u00e4ten\u00fd za k\u0148aza a\u00a0 v\u00a0 roku 1938 z\u00edskal v\u00a0 Prahe doktor\u00e1t. Pri svojej v\u00fdskumnej pr\u00e1ci na\u0161iel v\u00a0\u0160t\u00e1tnom arch\u00edve v\u00a0Skalici dokumenty o\u00a0vinohradn\u00edckom a\u00a0kop\u00e1\u010dskom cechu a\u00a0 tie\u017e o\u00a0 Bratstve sv. Urbana. V\u00a0 objavenej knihe Artikul Bratstva sa v\u00a0preambule p\u00ed\u0161e, \u017ee t\u00e1to bola zalo\u017een\u00e1 ako nov\u00e1 kniha, \u201eponev\u00e1\u010d rodovn\u00e1 kniha tehoto svat\u00e9ho Bratstva jest nem\u00e1lo potrhan\u00e1\u201c.<\/p>\n<p>Nov\u00e1 kniha Artikul bola zalo\u017een\u00e1 24. febru\u00e1ra 1701, \u010do zaklad\u00e1 d\u00f4vodn\u00e9 domnienky o\u00a0 tom, \u017ee samotn\u00fd spolok je ove\u013ea star\u0161\u00ed. Ak v\u00a0tom \u010dase bola najcennej\u0161ia a\u00a0 naopatrovanej\u0161ia kniha spolku v\u00a0tak zlom stave, je mo\u017en\u00e9, \u017ee Bratstvo sv. Urbana st\u00e1lo u\u017e pri zalo\u017een\u00ed kostola svojho patr\u00f3na v\u00a0 16. storo\u010d\u00ed. Posledn\u00e9 z\u00e1znamy v\u00a0 tejto novej knihe kon\u010dia rokom 1830.<\/p>\n<figure id=\"attachment_675\" aria-describedby=\"caption-attachment-675\" style=\"width: 485px\" class=\"wp-caption aligncenter\"><img loading=\"lazy\" decoding=\"async\" class=\"size-full wp-image-675\" src=\"http:\/\/skalickyobzor.sk\/cms\/wp-content\/uploads\/2018\/05\/Obzor_5_web-054.jpg\" alt=\"\" width=\"485\" height=\"511\" srcset=\"http:\/\/skalickyobzor.sk\/cms\/wp-content\/uploads\/2018\/05\/Obzor_5_web-054.jpg 485w, http:\/\/skalickyobzor.sk\/cms\/wp-content\/uploads\/2018\/05\/Obzor_5_web-054-285x300.jpg 285w\" sizes=\"auto, (max-width: 485px) 100vw, 485px\" \/><figcaption id=\"caption-attachment-675\" class=\"wp-caption-text\">\u0160t\u00e1tny arch\u00edv Skalica<\/figcaption><\/figure>\n<p>Tu kon\u010d\u00ed aj prv\u00e9 dejstvo hist\u00f3rie Bratstva. V\u00a0ruk\u00e1ch Jozefa \u0160\u00e1tka a\u00a0 jeho priate\u013ea &#8211; umelca Janka Blahu sa Artikuly a\u00a0 inform\u00e1cie o\u00a0 jeho prad\u00e1vnej existencii stali z\u00e1rodkom my\u0161lienky na zalo\u017eenie spolku, ktor\u00fd by so c\u0165ou pokra\u010doval v\u00a0sl\u00e1vnej trad\u00edcii. A\u00a0tak hne\u010f, ako sa rozplynuli chm\u00e1ry pr\u00e1ve skon\u010denej svetovej vojny, \u201ev\u00a0 roku p\u00e1na tis\u00edcem dev\u00edtist\u00e9m \u0161tyric\u00e1t\u00e9m p\u00e1t\u00e9m, v\u00a0 mjes\u00edci j\u00fali, v\u00a0sesii u\u00a0p\u00e1na Brata Jakuba R\u00fabl\u00edka\u201c dvan\u00e1s\u0165 Bratov zalo\u017eilo nov\u00e9 Bratstvo sv. Hurbana.<\/p>\n<p>O\u00a0 novej hist\u00f3rii \u201enov\u00e9ho\u201c Bratstva v\u00a0bud\u00facom \u010d\u00edsle nech\u00e1me rozpr\u00e1va\u0165 s\u00fa\u010dasn\u00e9ho pr\u00e9zesa \u201ehurbanist\u00fa\u201c Mari\u00e1na Oz\u00e1bala.<\/p>\n<p>&nbsp;<\/p>\n<p>Historick\u00e9 artikuly Bratstva sv. Urbana z roku 1701 si m\u00f4\u017eete pozrie\u0165 v nasleduj\u00facom videu:<\/p>\n<p><iframe loading=\"lazy\" title=\"Skalick\u00fd Obzor - \u010d\u00edslo 5\/2018\" width=\"500\" height=\"281\" src=\"https:\/\/www.youtube.com\/embed\/5u9yYqA-kt8?feature=oembed\" frameborder=\"0\" allow=\"accelerometer; autoplay; clipboard-write; encrypted-media; gyroscope; picture-in-picture; web-share\" referrerpolicy=\"strict-origin-when-cross-origin\" allowfullscreen><\/iframe><\/p>\n<h3><\/h3>\n<h3 style=\"text-align: center;\">ANKETA K\u00a0\u010cL\u00c1NKU<\/h3>\n<h3 style=\"text-align: center;\"><strong>\u201eTROJJAZY\u010cN\u00c9 VIPR\u00c1VJA\u0147\u00cd O\u00a0SKALICKEJ MJESTSKEJ RE\u010cI\u201c<\/strong><\/h3>\n<p>1.Kde ste sa narodili?<br \/>\n2.Rozpr\u00e1vate doma n\u00e1re\u010d\u00edm?<br \/>\n3. Ak \u00e1no, ak\u00fdm?<\/p>\n<p>\u017dena, V\u0160, pr\u00e1vni\u010dka<\/p>\n<p>1. V\u00a0Skalici.<br \/>\n2. S\u00a0\u010das\u0165ou rodiny.<br \/>\n3. Na\u0161ou skali\u010dtinou.<\/p>\n<p>\u017dena, S\u0160, administrat\u00edva<\/p>\n<p>1. Skalica.<br \/>\n2. \u00c1no.<br \/>\n3. Neviem \u010di skalicky, \u010di z\u00e1hor\u00e1cky?<\/p>\n<p>\u017dena, V\u0160, obchodn\u00ed\u010dka<\/p>\n<p>1. V\u00a0Skalici.<br \/>\n2. \u00c1no.<br \/>\n3. Z\u00e1hor\u00e1cky.<\/p>\n<p>\u017dena, V\u0160, ved\u00faca<\/p>\n<p>1. Severn\u00e9 Slovensko.<br \/>\n2. Skalick\u00e1 \u010das\u0165 rodiny.<br \/>\n3. Ja slovensky a\u00a0skalick\u00e1 \u010das\u0165 rodiny z\u00e1hor\u00e1\u010dtinou.<\/p>\n<p>Mu\u017e, V\u0160, podnikate\u013e<\/p>\n<p>1. V\u00a0Skalici.<br \/>\n2. \u00c1no.<br \/>\n3. Skali\u010dtina s\u00a0pr\u00edmesou morav\u0161tiny?<\/p>\n<p>\u017dena, S\u0160, d\u00f4chodky\u0148a<\/p>\n<p>1. V\u00a0Skalici.<br \/>\n2. \u00c1no.<br \/>\n3. Skalicky.<\/p>\n<p>Mu\u017e, S\u0160, n\u00e1kupca<\/p>\n<p>1. Narodil som sa v\u00a0Bratislave, ale b\u00fdvam v\u00a0Skalici.<br \/>\n2. \u00c1no.<br \/>\n3. T\u00fdmto na\u0161im, neviem \u010di je to skalicky, \u010di moravsky, \u010di z\u00e1horacky.<\/p>\n","protected":false},"excerpt":{"rendered":"<div class=\"mh-excerpt\"><p>Jedn\u00fdm z\u00a0 najv\u00fdznamnej\u0161\u00edch remesiel bolo vinohradn\u00edctvo. To malo v\u00a0 Skalici trad\u00edciu pravdepodobne od za\u010diatku 15. storo\u010dia, av\u0161ak s\u00a0 ve\u013ek\u00fdm vys\u00e1dzan\u00edm a\u00a0 pestovan\u00edm vini\u010da sa za\u010dalo v\u00a0 15.\u00a0 a\u017e\u00a0 16. storo\u010d\u00ed. V tejto dobe malo mesto <a class=\"mh-excerpt-more\" href=\"http:\/\/skalickyobzor.sk\/cms\/jasne-slnce-na-urbana-hojnost-dobreho-vina-znamena\/\" title=\"Jasn\u00e9 slnce na Urbana hojnos\u0165 dobr\u00e9ho v\u00edna znamen\u00e1\">[&#8230;]<\/a><\/p>\n<\/div>","protected":false},"author":15,"featured_media":676,"comment_status":"closed","ping_status":"closed","sticky":false,"template":"","format":"standard","meta":{"footnotes":""},"categories":[4],"tags":[],"class_list":{"0":"post-697","1":"post","2":"type-post","3":"status-publish","4":"format-standard","5":"has-post-thumbnail","7":"category-ja-su-ze-skalice"},"_links":{"self":[{"href":"http:\/\/skalickyobzor.sk\/cms\/wp-json\/wp\/v2\/posts\/697","targetHints":{"allow":["GET"]}}],"collection":[{"href":"http:\/\/skalickyobzor.sk\/cms\/wp-json\/wp\/v2\/posts"}],"about":[{"href":"http:\/\/skalickyobzor.sk\/cms\/wp-json\/wp\/v2\/types\/post"}],"author":[{"embeddable":true,"href":"http:\/\/skalickyobzor.sk\/cms\/wp-json\/wp\/v2\/users\/15"}],"replies":[{"embeddable":true,"href":"http:\/\/skalickyobzor.sk\/cms\/wp-json\/wp\/v2\/comments?post=697"}],"version-history":[{"count":1,"href":"http:\/\/skalickyobzor.sk\/cms\/wp-json\/wp\/v2\/posts\/697\/revisions"}],"predecessor-version":[{"id":698,"href":"http:\/\/skalickyobzor.sk\/cms\/wp-json\/wp\/v2\/posts\/697\/revisions\/698"}],"wp:featuredmedia":[{"embeddable":true,"href":"http:\/\/skalickyobzor.sk\/cms\/wp-json\/wp\/v2\/media\/676"}],"wp:attachment":[{"href":"http:\/\/skalickyobzor.sk\/cms\/wp-json\/wp\/v2\/media?parent=697"}],"wp:term":[{"taxonomy":"category","embeddable":true,"href":"http:\/\/skalickyobzor.sk\/cms\/wp-json\/wp\/v2\/categories?post=697"},{"taxonomy":"post_tag","embeddable":true,"href":"http:\/\/skalickyobzor.sk\/cms\/wp-json\/wp\/v2\/tags?post=697"}],"curies":[{"name":"wp","href":"https:\/\/api.w.org\/{rel}","templated":true}]}}