{"id":699,"date":"2018-05-14T11:29:39","date_gmt":"2018-05-14T09:29:39","guid":{"rendered":"http:\/\/skalickyobzor.sk\/cms\/?p=699"},"modified":"2018-05-14T11:29:39","modified_gmt":"2018-05-14T09:29:39","slug":"vazeni-poslanci-8","status":"publish","type":"post","link":"http:\/\/skalickyobzor.sk\/cms\/vazeni-poslanci-8\/","title":{"rendered":"V\u00e1\u017een\u00ed poslanci"},"content":{"rendered":"<p>Tento mesiac pokra\u010dujeme v\u00a0pravidelnej rubrike a\u00a0obraciame sa na v\u00e1s s\u00a0 ot\u00e1zkami ob\u010danov. Ot\u00e1zky sa t\u00fdkaj\u00fa d\u00f4le\u017eitosti, spr\u00e1vnosti a\u00a0 \u00faplnosti z\u00e1pisn\u00edc, d\u00f4slednosti pri zapisovan\u00ed jednotliv\u00fdch z\u00e1verov a\u00a0 diskusn\u00fdch pripomienok ako v\u00fdstupov \u2013 inform\u00e1ci\u00ed z\u00a0rokovan\u00ed. Na rokovaniach odznie toho ove\u013ea viac ako sa dostane do z\u00e1pisnice, a\u00a0ob\u010dan je zvedav\u00fd \u2013 a\u00a0m\u00e1 pod\u013ea z\u00e1kona pr\u00e1vo dosta\u0165 ucelen\u00fa v\u00fdpove\u010f.<\/p>\n<p>Ot\u00e1zka \u010d.1<\/p>\n<p>Pova\u017eujete z\u00e1pisnicu zo zasadania mestsk\u00e9ho zastupite\u013estva za d\u00f4le\u017eit\u00fd dokument?<\/p>\n<p>\u00c1NO \/ NIE \/ NEVIEM<\/p>\n<p>Ot\u00e1zka  \u010d.2<\/p>\n<p>S\u00fa pod\u013ea v\u00e1s inform\u00e1cie v\u00a0z\u00e1pisniciach mestsk\u00e9ho zastupite\u013estva \u00fapln\u00e9 a\u00a0presn\u00e9?<\/p>\n<p>\u00c1NO \/ NIE \/ V\u00c4\u010c\u0160INOU \u00c1NO \/ V\u00c4\u010c\u0160INOU NIE \/ NEVIEM<\/p>\n<p>Popros\u00edme V\u00e1s o\u00a0spolupr\u00e1cu i\u00a0t\u00fdm, \u017ee n\u00e1m za\u0161lete odpovede na vy\u0161\u0161ie polo\u017een\u00e9 ot\u00e1zky, va\u0161e n\u00e1zory a inform\u00e1cie. Z\u00a0 va\u0161ich n\u00e1zorov budeme vych\u00e1dza\u0165 v na\u0161om \u010dl\u00e1nku k\u00a0tejto problematike.<\/p>\n<p>VYSVETLIVKY:<\/p>\n<p>0 neodpovedal<br \/>\n? nedal jednozna\u010dn\u00fa odpove\u010f<\/p>\n<p>&nbsp;<\/p>\n<div id=\"poslanci\">\n<div class=\"poslanec\">\n<div class=\"foto\"><img decoding=\"async\" src=\"http:\/\/skalickyobzor.sk\/cms\/wp-content\/uploads\/2017\/10\/fotka_poslanca.jpg\" \/><\/div>\n<div class=\"meno\">BAR\u00c1T \u013dudov\u00edt<\/div>\n<div class=\"odpoved\">0<\/div>\n<\/div>\n<div class=\"poslanec\">\n<div class=\"foto\"><img decoding=\"async\" src=\"http:\/\/skalickyobzor.sk\/cms\/wp-content\/uploads\/2017\/10\/peter_bartos.jpg\" \/><\/div>\n<div class=\"meno\">BARTO\u0160 Peter<\/div>\n<div class=\"odpoved\">0<\/div>\n<\/div>\n<div class=\"poslanec\">\n<div class=\"foto\"><img decoding=\"async\" src=\"http:\/\/skalickyobzor.sk\/cms\/wp-content\/uploads\/2017\/10\/fotka_poslanca.jpg\" \/><\/div>\n<div class=\"meno\">\u010cUNDERL\u00cdK Juraj<\/div>\n<div class=\"odpoved\">0<\/div>\n<\/div>\n<div class=\"poslanec\">\n<div class=\"foto\"><img decoding=\"async\" src=\"http:\/\/skalickyobzor.sk\/cms\/wp-content\/uploads\/2017\/10\/fotka_poslanca.jpg\" \/><\/div>\n<div class=\"meno\">CHOVANEC Stanislav<\/div>\n<div class=\"odpoved\">0<\/div>\n<\/div>\n<div class=\"poslanec\">\n<div class=\"foto\"><img decoding=\"async\" src=\"http:\/\/skalickyobzor.sk\/cms\/wp-content\/uploads\/2017\/10\/fotka_poslanca.jpg\" \/><\/div>\n<div class=\"meno\">KADLE\u010c\u00cdK Franti\u0161ek<\/div>\n<div class=\"odpoved\">0<\/div>\n<\/div>\n<div class=\"poslanec\">\n<div class=\"foto\"><img decoding=\"async\" src=\"http:\/\/skalickyobzor.sk\/cms\/wp-content\/uploads\/2017\/10\/martin_kojs.jpg\" \/><\/div>\n<div class=\"meno\">KOJ\u0160 Martin<\/div>\n<div class=\"odpoved\">\u00c1NO \/ V\u00c4\u010c\u0160INOU \u00c1NO<\/div>\n<\/div>\n<div class=\"poslanec\">\n<div class=\"foto\"><img decoding=\"async\" src=\"http:\/\/skalickyobzor.sk\/cms\/wp-content\/uploads\/2017\/10\/ludovit_kosik.jpg\" \/><\/div>\n<div class=\"meno\">KO\u0160\u00cdK \u013dudov\u00edt<\/div>\n<div class=\"odpoved\">\u00c1NO \/ \u00c1NO<\/div>\n<\/div>\n<div class=\"poslanec\">\n<div class=\"foto\"><img decoding=\"async\" src=\"http:\/\/skalickyobzor.sk\/cms\/wp-content\/uploads\/2017\/10\/peter_kosik.jpg\" \/><\/div>\n<div class=\"meno\">KO\u0160\u00cdK Peter<\/div>\n<div class=\"odpoved\">0<\/div>\n<\/div>\n<div class=\"poslanec\">\n<div class=\"foto\"><img decoding=\"async\" src=\"http:\/\/skalickyobzor.sk\/cms\/wp-content\/uploads\/2017\/10\/dusan_krivsky.jpg\" \/><\/div>\n<div class=\"meno\">KRIVSK\u00dd Du\u0161an<\/div>\n<div class=\"odpoved\">\u00c1NO \/ V\u00c4\u010c\u0160INOU \u00c1NO<\/div>\n<\/div>\n<div class=\"poslanec\">\n<div class=\"foto\"><img decoding=\"async\" src=\"http:\/\/skalickyobzor.sk\/cms\/wp-content\/uploads\/2017\/10\/anna_ozabalova.jpg\" \/><\/div>\n<div class=\"meno\">OZ\u00c1BALOV\u00c1 Anna<\/div>\n<div class=\"odpoved\">\u00c1NO \/ NIE<\/div>\n<\/div>\n<div class=\"poslanec\">\n<div class=\"foto\"><img decoding=\"async\" src=\"http:\/\/skalickyobzor.sk\/cms\/wp-content\/uploads\/2017\/12\/peter_pagac.jpg\" \/><\/div>\n<div class=\"meno\">PAG\u00c1\u010c Peter<\/div>\n<div class=\"odpoved\">0<\/div>\n<\/div>\n<div class=\"poslanec\">\n<div class=\"foto\"><img decoding=\"async\" src=\"http:\/\/skalickyobzor.sk\/cms\/wp-content\/uploads\/2017\/10\/jana_rekosova.jpg\" \/><\/div>\n<div class=\"meno\">REKO\u0160OV\u00c1 Jana<\/div>\n<div class=\"odpoved\">\u00c1NO \/ \u00c1NO<\/div>\n<\/div>\n<div class=\"poslanec\">\n<div class=\"foto\"><img decoding=\"async\" src=\"http:\/\/skalickyobzor.sk\/cms\/wp-content\/uploads\/2017\/12\/milan_roman.jpg\" \/><\/div>\n<div class=\"meno\">ROMAN Milan<\/div>\n<div class=\"odpoved\">0<\/div>\n<\/div>\n<div class=\"poslanec\">\n<div class=\"foto\"><img decoding=\"async\" src=\"http:\/\/skalickyobzor.sk\/cms\/wp-content\/uploads\/2017\/10\/michal_srholec.jpg\" \/><\/div>\n<div class=\"meno\">SRHOLEC Michal<\/div>\n<div class=\"odpoved\">0<\/div>\n<\/div>\n<div class=\"poslanec\">\n<div class=\"foto\"><img decoding=\"async\" src=\"http:\/\/skalickyobzor.sk\/cms\/wp-content\/uploads\/2017\/10\/fotka_poslanca.jpg\" \/><\/div>\n<div class=\"meno\">\u0160ANTAV\u00dd Rudolf<\/div>\n<div class=\"odpoved\">0<\/div>\n<\/div>\n<div class=\"poslanec\">\n<div class=\"foto\"><img decoding=\"async\" src=\"http:\/\/skalickyobzor.sk\/cms\/wp-content\/uploads\/2018\/03\/roman_spacek.jpg\" \/><\/div>\n<div class=\"meno\">\u0160PA\u010cEK Roman<\/div>\n<div class=\"odpoved\">0<\/div>\n<\/div>\n<div class=\"poslanec\">\n<div class=\"foto\"><img decoding=\"async\" src=\"http:\/\/skalickyobzor.sk\/cms\/wp-content\/uploads\/2017\/10\/frantisek_stefanec.jpg\" \/><\/div>\n<div class=\"meno\">\u0160TEFANEC Franti\u0161ek<\/div>\n<div class=\"odpoved\">0<\/div>\n<\/div>\n<div class=\"poslanec\">\n<div class=\"foto\"><img decoding=\"async\" src=\"http:\/\/skalickyobzor.sk\/cms\/wp-content\/uploads\/2017\/10\/lukas_tison.jpg\" \/><\/div>\n<div class=\"meno\">TISO\u0147 Luk\u00e1\u0161<\/div>\n<div class=\"odpoved\">0<\/div>\n<\/div>\n<div class=\"poslanec\">\n<div class=\"foto\"><img decoding=\"async\" src=\"http:\/\/skalickyobzor.sk\/cms\/wp-content\/uploads\/2018\/03\/alexander_toth.jpg\" \/><\/div>\n<div class=\"meno\">T\u00d3TH Alexander<\/div>\n<div class=\"odpoved\">0<\/div>\n<\/div>\n<div class=\"poslanec\">\n<div class=\"foto\"><img decoding=\"async\" src=\"http:\/\/skalickyobzor.sk\/cms\/wp-content\/uploads\/2017\/10\/daniel_vidovic.jpg\" \/><\/div>\n<div class=\"meno\">VIDOVI\u010c Daniel<\/div>\n<div class=\"odpoved\">\u00c1NO \/ \u00c1NO<\/div>\n<\/div>\n<\/div>\n<p>&nbsp;<\/p>\n<p>&nbsp;<\/p>\n<p><em>Mil\u00ed Skali\u010dania, zauj\u00edma v\u00e1s dajak\u00e1 t\u00e9ma alebo m\u00e1te ot\u00e1zku na poslancov? Podnety m\u00f4\u017eete zasiela\u0165 na adresu redakcie skalickyobzor@skalickyobzor.sk. \u010eakujeme!<\/em><\/p>\n","protected":false},"excerpt":{"rendered":"<div class=\"mh-excerpt\"><p>Tento mesiac pokra\u010dujeme v\u00a0pravidelnej rubrike a\u00a0obraciame sa na v\u00e1s s\u00a0 ot\u00e1zkami ob\u010danov. Ot\u00e1zky sa t\u00fdkaj\u00fa d\u00f4le\u017eitosti, spr\u00e1vnosti a\u00a0 \u00faplnosti z\u00e1pisn\u00edc, d\u00f4slednosti pri zapisovan\u00ed jednotliv\u00fdch z\u00e1verov a\u00a0 diskusn\u00fdch pripomienok ako v\u00fdstupov \u2013 inform\u00e1ci\u00ed z\u00a0rokovan\u00ed. Na rokovaniach <a class=\"mh-excerpt-more\" href=\"http:\/\/skalickyobzor.sk\/cms\/vazeni-poslanci-8\/\" title=\"V\u00e1\u017een\u00ed poslanci\">[&#8230;]<\/a><\/p>\n<\/div>","protected":false},"author":1,"featured_media":239,"comment_status":"closed","ping_status":"closed","sticky":false,"template":"","format":"standard","meta":{"footnotes":""},"categories":[9],"tags":[],"class_list":{"0":"post-699","1":"post","2":"type-post","3":"status-publish","4":"format-standard","5":"has-post-thumbnail","7":"category-vazeni-poslanci"},"_links":{"self":[{"href":"http:\/\/skalickyobzor.sk\/cms\/wp-json\/wp\/v2\/posts\/699","targetHints":{"allow":["GET"]}}],"collection":[{"href":"http:\/\/skalickyobzor.sk\/cms\/wp-json\/wp\/v2\/posts"}],"about":[{"href":"http:\/\/skalickyobzor.sk\/cms\/wp-json\/wp\/v2\/types\/post"}],"author":[{"embeddable":true,"href":"http:\/\/skalickyobzor.sk\/cms\/wp-json\/wp\/v2\/users\/1"}],"replies":[{"embeddable":true,"href":"http:\/\/skalickyobzor.sk\/cms\/wp-json\/wp\/v2\/comments?post=699"}],"version-history":[{"count":1,"href":"http:\/\/skalickyobzor.sk\/cms\/wp-json\/wp\/v2\/posts\/699\/revisions"}],"predecessor-version":[{"id":700,"href":"http:\/\/skalickyobzor.sk\/cms\/wp-json\/wp\/v2\/posts\/699\/revisions\/700"}],"wp:featuredmedia":[{"embeddable":true,"href":"http:\/\/skalickyobzor.sk\/cms\/wp-json\/wp\/v2\/media\/239"}],"wp:attachment":[{"href":"http:\/\/skalickyobzor.sk\/cms\/wp-json\/wp\/v2\/media?parent=699"}],"wp:term":[{"taxonomy":"category","embeddable":true,"href":"http:\/\/skalickyobzor.sk\/cms\/wp-json\/wp\/v2\/categories?post=699"},{"taxonomy":"post_tag","embeddable":true,"href":"http:\/\/skalickyobzor.sk\/cms\/wp-json\/wp\/v2\/tags?post=699"}],"curies":[{"name":"wp","href":"https:\/\/api.w.org\/{rel}","templated":true}]}}