{"id":71,"date":"2017-11-01T00:06:05","date_gmt":"2017-10-31T23:06:05","guid":{"rendered":"http:\/\/skalickyobzor.sk\/cms\/?p=71"},"modified":"2018-06-14T17:55:30","modified_gmt":"2018-06-14T15:55:30","slug":"dochodcovia-oslavovali-v-mesiaci-ucty-k-starsim","status":"publish","type":"post","link":"http:\/\/skalickyobzor.sk\/cms\/dochodcovia-oslavovali-v-mesiaci-ucty-k-starsim\/","title":{"rendered":"D\u00f4chodcovia oslavovali v mesiaci \u00facty k star\u0161\u00edm"},"content":{"rendered":"<p><strong>Vo ve\u013ekej s\u00e1le Domu kult\u00fary v Skalici sa u\u017e tradi\u010dne stretli \u010dlenovia Z\u00e1kladnej organiz\u00e1cie Jednoty d\u00f4chodcov Slovenska (JDS) so svojimi osl\u00e1vencami, aby si pri pr\u00edle\u017eitosti Mesiaca \u00facty k star\u0161\u00edm spolo\u010dne pripomenuli okr\u00fahle jubile\u00e1.<\/strong><\/p>\n<p><!--more--><\/p>\n<p>Kult\u00farno-spolo\u010densk\u00e9 podujatie, ktor\u00e9 sa uskuto\u010dnilo v utorok 10. okt\u00f3bra, sa stalo d\u00f4stojnou oslavou pre 130 jubilantov. Od za\u010diatku ho sprev\u00e1dzala ve\u013emi dobr\u00e1 n\u00e1lada, o ktor\u00fa sa zauj\u00edmavou skladbou programu pri\u010dinili pr\u00e1ve skalick\u00ed seniori. Atmosf\u00e9ra v s\u00e1le bola doslova dojemn\u00e1.<\/p>\n<p>Oslavu otvorila predsedn\u00ed\u010dka JDS v Skalici Anna Ho\u0161kov\u00e1. \u00davodom priv\u00edtala 70-, 75-, 80- a viacro\u010dn\u00fdch jubilantov, ako aj pr\u00edtomn\u00fdch host\u00ed \u2013 podpredsedu \u00dastredia JDS Igora Fabiana a podpredsedn\u00ed\u010dku Krajskej organiz\u00e1cie JDS Margitu Fabianov\u00fa.<\/p>\n<figure id=\"attachment_97\" aria-describedby=\"caption-attachment-97\" style=\"width: 678px\" class=\"wp-caption aligncenter\"><img loading=\"lazy\" decoding=\"async\" class=\"size-mh-magazine-lite-content wp-image-97\" src=\"http:\/\/skalickyobzor.sk\/cms\/wp-content\/uploads\/2017\/10\/dochodcovia_oslavovali2-678x381.jpg\" alt=\"\" width=\"678\" height=\"381\" \/><figcaption id=\"caption-attachment-97\" class=\"wp-caption-text\">Foto: J\u00e1n Sak\u00e1\u010d<\/figcaption><\/figure>\n<p>Gratulova\u0165 pri\u0161li aj ved\u00faca oddelenia soci\u00e1lnej starostlivosti a zdravotn\u00edctva Mestsk\u00e9ho \u00faradu v Skalici Gabriela Patkov\u00e1, ved\u00faca opatrovate\u013eskej slu\u017eby Michaela Havelkov\u00e1 a \u010fal\u0161\u00ed z\u00e1stupcovia samospr\u00e1vy i kraja. V kult\u00farnom programe sa s peknou tane\u010dnou kre\u00e1ciou ako prv\u00e9 predstavili \u010dlenky zn\u00e1mej skupiny Taxis.<\/p>\n<p>Prednesom b\u00e1sn\u00ed do\u0148 prispela i najstar\u0161ia \u010dlenka v\u00fdboru JDS v Skalici Viera \u010cern\u00e1. Vyst\u00fapenie spev\u00e1\u010dky M\u00e1rie Mar\u0165anovej hudobne sprev\u00e1dzal Roman Blaha. Po ofici\u00e1lnej \u010dasti sa k slovu dostalo zn\u00e1me muzikantsk\u00e9 duo La\u0161\u00e1k \u2013 Juriga, ktor\u00ed rezk\u00fdmi t\u00f3nmi v\u0161etk\u00fdch vyzvali do tanca. T\u00ed, na ktor\u00fdch sa usmialo \u0161\u0165astie, sa pote\u0161ili z v\u00fdhry v tombole. V\u0161etci jubilanti dostali mal\u00fd dar\u010dek.<\/p>\n<p>Predsedn\u00ed\u010dka Anna Ho\u0161kov\u00e1 v z\u00e1vere informovala o pripravovan\u00fdch podujatiach. Na sklonku roka to okrem tradi\u010dnej Mikul\u00e1\u0161skej z\u00e1bavy bude v\u00fdlet na farm\u00e1rsko-viano\u010dn\u00e9 trhy spojen\u00fd s n\u00e1v\u0161tevou divadla v Bratislave. Do rak\u00faskej obce Kittsee sa skalick\u00ed seniori vyber\u00fa s cie\u013eom prehliadky v\u00fdroby a n\u00e1kupu r\u00f4znych \u010dokol\u00e1dov\u00fdch v\u00fdrobkov.<\/p>\n","protected":false},"excerpt":{"rendered":"<div class=\"mh-excerpt\"><p>Vo ve\u013ekej s\u00e1le Domu kult\u00fary v Skalici sa u\u017e tradi\u010dne stretli \u010dlenovia Z\u00e1kladnej organiz\u00e1cie Jednoty d\u00f4chodcov Slovenska (JDS) so svojimi osl\u00e1vencami, aby si pri pr\u00edle\u017eitosti Mesiaca \u00facty k star\u0161\u00edm spolo\u010dne pripomenuli okr\u00fahle jubile\u00e1.<\/p>\n<\/div>","protected":false},"author":8,"featured_media":952,"comment_status":"closed","ping_status":"closed","sticky":false,"template":"","format":"standard","meta":{"footnotes":""},"categories":[8],"tags":[],"class_list":{"0":"post-71","1":"post","2":"type-post","3":"status-publish","4":"format-standard","5":"has-post-thumbnail","7":"category-obzor-seniorov"},"_links":{"self":[{"href":"http:\/\/skalickyobzor.sk\/cms\/wp-json\/wp\/v2\/posts\/71","targetHints":{"allow":["GET"]}}],"collection":[{"href":"http:\/\/skalickyobzor.sk\/cms\/wp-json\/wp\/v2\/posts"}],"about":[{"href":"http:\/\/skalickyobzor.sk\/cms\/wp-json\/wp\/v2\/types\/post"}],"author":[{"embeddable":true,"href":"http:\/\/skalickyobzor.sk\/cms\/wp-json\/wp\/v2\/users\/8"}],"replies":[{"embeddable":true,"href":"http:\/\/skalickyobzor.sk\/cms\/wp-json\/wp\/v2\/comments?post=71"}],"version-history":[{"count":3,"href":"http:\/\/skalickyobzor.sk\/cms\/wp-json\/wp\/v2\/posts\/71\/revisions"}],"predecessor-version":[{"id":116,"href":"http:\/\/skalickyobzor.sk\/cms\/wp-json\/wp\/v2\/posts\/71\/revisions\/116"}],"wp:featuredmedia":[{"embeddable":true,"href":"http:\/\/skalickyobzor.sk\/cms\/wp-json\/wp\/v2\/media\/952"}],"wp:attachment":[{"href":"http:\/\/skalickyobzor.sk\/cms\/wp-json\/wp\/v2\/media?parent=71"}],"wp:term":[{"taxonomy":"category","embeddable":true,"href":"http:\/\/skalickyobzor.sk\/cms\/wp-json\/wp\/v2\/categories?post=71"},{"taxonomy":"post_tag","embeddable":true,"href":"http:\/\/skalickyobzor.sk\/cms\/wp-json\/wp\/v2\/tags?post=71"}],"curies":[{"name":"wp","href":"https:\/\/api.w.org\/{rel}","templated":true}]}}