{"id":714,"date":"2018-05-14T11:53:19","date_gmt":"2018-05-14T09:53:19","guid":{"rendered":"http:\/\/skalickyobzor.sk\/cms\/?p=714"},"modified":"2018-05-14T11:53:31","modified_gmt":"2018-05-14T09:53:31","slug":"muj-prvni-kamarat","status":"publish","type":"post","link":"http:\/\/skalickyobzor.sk\/cms\/muj-prvni-kamarat\/","title":{"rendered":"M\u00faj prv\u0148\u00ed kamar\u00e1t"},"content":{"rendered":"<p>V\u00a0\u017eivo\u0165e za\u017eijeme tak\u00e9 chv\u00edle, ker\u00e9 ostan\u00fa v\u00a0n\u00e1s nafurt. Vje\u010din\u00fa to b\u00edvaj\u00fa z\u00e1\u017eitki jak sa r\u00edka poprv\u00e9. Ve m\u0148e nav\u017edicki ostali chv\u00edle za\u017eit\u00e9 z\u00a0mojim prv\u0148\u00edm kamar\u00e1dem v\u00a0\u010fectvje.<\/p>\n<p><!--more--><\/p>\n<p>Jak sem u\u0161 p\u00edsal, svoje \u010fectvo sem pro\u017eil v\u00a0Hospo\u010finskej \u0161koli, gde sem bival z\u00a0 ro\u010fi\u010dama. Ftedi na vr\u00e1t\u0148ici v\u00a0nemoc\u0148ici sl\u00fa\u017eil p\u00e1n Hr\u00e1nek. Jeho sin Franti\u0161ek, tak star\u00ed jak j\u00e1, sa hr\u00e1val pret nemoc\u0148ic\u00fa a\u00a0j\u00e1 v\u00a0parku pret \u0161kol\u00fa. Bili sme \u010fecka tak 5-6 ro\u010dn\u00e9.<\/p>\n<p>R\u00e1s sme sa stretli a\u00a0 napadlo n\u00e1s, \u017ee sa zahrajeme na eletrik\u00e1r\u00fa. Zehnali sme si \u0161pag\u00e1t, uv\u00e1zali sme ho o\u00a0r\u00ednu a\u00a0 na druh\u00ed konec sme primontovali krabi\u010dku ot glob\u00ednu na boti a\u00a0u\u017e sme mjeli telef\u00f3n. Bil to ftedi, a\u00a0 je to aj dnes, jeden z\u00a0 mojich najlep\u0161\u00edch kamar\u00e1d\u00fa. Ket sa n\u00e1hod\u0148e stretneme a\u00a0ruki si pod\u00e1me, tak si pov\u00edme: Feri, alebo on m\u0148e Milane, zahrajeme sa na eletrik\u00e1r\u00fa? A\u00a0u\u0161 sa ob\u00e1 smjejeme a\u0161 sa n\u00e1m bruchi tras\u00fa. Jemu m\u00e9\u0148ej, on je chu\u010d\u00ed. A\u00a0pospom\u00edname, co sme spolem v\u0161elico za\u017eili.<\/p>\n<p>Tak\u00e9 jak spr\u00e1v\u0148\u00ed kamar\u00e1di sme aj spolem z\u00e1pasili. M\u00edstem na z\u00e1pas bila \u010dasto \u017eelezn\u00e1 postel na vr\u00e1t\u0148ici v\u00a0nemoc\u0148ici. R\u00e1s vihral on, potom zas j\u00e1. Pozbu\u010foval n\u00e1s pritem p\u00e1n Hr\u00e1nek. Bjehali sme po parku, gde ve \u0161tiroch rohoch rostli vrbi, po t\u00edch sme lozili, pot jedli\u010dkama zb\u00edrali \u0161i\u0161ki, h\u00e1zali po ft\u00e1koch kam\u00e9nkama a\u00a0v\u0161elijak sme sa bavili. Hr\u00e1vali sa ftedi aj guli\u010dki do \u010fu\u010dki. Gdo guli\u010dek do \u010fu\u010dki najv\u00edc trefil, zebral si f\u0161ecki &#8211; aj spoluhr\u00e1\u010dove. J\u00e1 sem jezdil po chod\u0148\u00edkoch v\u00a0parku na \u0161lapac\u00edm au\u0165\u00ed\u010dku. Ob\u010das sa na \u0148em povozili aj druh\u00e9 \u010fecka a\u00a0t\u00e9\u0161 m\u00faj prv\u0148\u00ed kamar\u00e1t. \u010eectvo sme tak pre\u017e\u00edvali v\u00a0rados\u0165i, ale aj ve strachu z\u00a0vojni. Ke koncu vojni si pamatuju, \u017ee aj pri viu\u010dova\u0148\u00ed n\u00e1m nar\u00e1s pa\u0148i u\u010ditelka povje\u010fela: Zbalte sa a\u00a0utekajte dom, lebo mo\u017en\u00e1 bude aj leteck\u00e9 bombardova\u0148\u00ed. Nemusela n\u00e1m to dvakr\u00e1t r\u00edkat a\u00a0u\u0161 sme pr\u00e1\u0161ili dom. E\u0161\u010de si v\u0161elico pamatuju, ale to nap\u00ed\u0161u nesk\u00farej.<\/p>\n<p>P\u00ed\u0161u enom to, co sem v\u00a0mojem \u017eivo\u0165e vi\u010fel, \u010dul a\u00a0za\u017eil.<\/p>\n<p><em>Miloslav Tom\u0161ej st., Skali\u010dan \u0165elem aj du\u0161\u00fa<\/em><\/p>\n","protected":false},"excerpt":{"rendered":"<div class=\"mh-excerpt\"><p>V\u00a0\u017eivo\u0165e za\u017eijeme tak\u00e9 chv\u00edle, ker\u00e9 ostan\u00fa v\u00a0n\u00e1s nafurt. Vje\u010din\u00fa to b\u00edvaj\u00fa z\u00e1\u017eitki jak sa r\u00edka poprv\u00e9. Ve m\u0148e nav\u017edicki ostali chv\u00edle za\u017eit\u00e9 z\u00a0mojim prv\u0148\u00edm kamar\u00e1dem v\u00a0\u010fectvje.<\/p>\n<\/div>","protected":false},"author":17,"featured_media":688,"comment_status":"closed","ping_status":"closed","sticky":false,"template":"","format":"standard","meta":{"footnotes":""},"categories":[4],"tags":[],"class_list":{"0":"post-714","1":"post","2":"type-post","3":"status-publish","4":"format-standard","5":"has-post-thumbnail","7":"category-ja-su-ze-skalice"},"_links":{"self":[{"href":"http:\/\/skalickyobzor.sk\/cms\/wp-json\/wp\/v2\/posts\/714","targetHints":{"allow":["GET"]}}],"collection":[{"href":"http:\/\/skalickyobzor.sk\/cms\/wp-json\/wp\/v2\/posts"}],"about":[{"href":"http:\/\/skalickyobzor.sk\/cms\/wp-json\/wp\/v2\/types\/post"}],"author":[{"embeddable":true,"href":"http:\/\/skalickyobzor.sk\/cms\/wp-json\/wp\/v2\/users\/17"}],"replies":[{"embeddable":true,"href":"http:\/\/skalickyobzor.sk\/cms\/wp-json\/wp\/v2\/comments?post=714"}],"version-history":[{"count":1,"href":"http:\/\/skalickyobzor.sk\/cms\/wp-json\/wp\/v2\/posts\/714\/revisions"}],"predecessor-version":[{"id":715,"href":"http:\/\/skalickyobzor.sk\/cms\/wp-json\/wp\/v2\/posts\/714\/revisions\/715"}],"wp:featuredmedia":[{"embeddable":true,"href":"http:\/\/skalickyobzor.sk\/cms\/wp-json\/wp\/v2\/media\/688"}],"wp:attachment":[{"href":"http:\/\/skalickyobzor.sk\/cms\/wp-json\/wp\/v2\/media?parent=714"}],"wp:term":[{"taxonomy":"category","embeddable":true,"href":"http:\/\/skalickyobzor.sk\/cms\/wp-json\/wp\/v2\/categories?post=714"},{"taxonomy":"post_tag","embeddable":true,"href":"http:\/\/skalickyobzor.sk\/cms\/wp-json\/wp\/v2\/tags?post=714"}],"curies":[{"name":"wp","href":"https:\/\/api.w.org\/{rel}","templated":true}]}}