{"id":716,"date":"2018-05-14T11:55:20","date_gmt":"2018-05-14T09:55:20","guid":{"rendered":"http:\/\/skalickyobzor.sk\/cms\/?p=716"},"modified":"2021-01-19T13:32:39","modified_gmt":"2021-01-19T12:32:39","slug":"skalicke-ulice-ulica-frantiska-kristofa-veseleho","status":"publish","type":"post","link":"http:\/\/skalickyobzor.sk\/cms\/skalicke-ulice-ulica-frantiska-kristofa-veseleho\/","title":{"rendered":"Skalick\u00e9 ulice \u2013 Franti\u0161ka Kri\u0161tofa Vesel\u00e9ho"},"content":{"rendered":"<p>V\u00a0rubrike Skalick\u00e9 ulice predstavujeme \u010ditate\u013eom historick\u00e9 a\u00a0 umeleck\u00e9 osobnosti, pod\u013ea ktor\u00fdch s\u00fa pomenovan\u00e9 ulice v\u00a0 na\u0161om meste. Pokra\u010dujeme ulicou Franti\u0161ka Kri\u0161tofa Vesel\u00e9ho, ktor\u00e1 patr\u00ed medzi najnov\u0161ie v\u00a0meste. Star\u0161ie gener\u00e1cie n\u00e1\u0161ho rod\u00e1ka, zn\u00e1meho umelca poznaj\u00fa, mlad\u00fdm jeho meno a\u017e tak ve\u013ea nehovor\u00ed.<\/p>\n<p><!--more--><\/p>\n<p>Franti\u0161ek Kri\u0161tof Vesel\u00fd (*12. apr\u00edla 1903, Skalica \u2013 \u202013. marca 1977, Bratislava) bol zn\u00e1my slovensk\u00fd operetn\u00fd a\u00a0 opern\u00fd spev\u00e1k, filmov\u00fd herec, interpret popul\u00e1rnych piesn\u00ed, z\u00a0 ktor\u00fdch sa svojho \u010dasu stali hity. Nezabudnute\u013ene znie v\u00a0 jeho podan\u00ed doslova \u0161l\u00e1ger V tom skalickom zelenom h\u00e1ji\u010dku.<\/p>\n<p>Po odchode otca Pavla Vesel\u00e9ho do Ameriky sa matka vydala za Kri\u0161tofa \u2013 odtia\u013e je odvoden\u00e9 aj jeho priezvisko. U\u017e ako 11-ro\u010dn\u00fd hr\u00e1val pred otvoren\u00fdm oknom v\u00a0radovej z\u00e1stavbe (\u010d\u00edslo domu 247) na husliach. V\u0161etci susedia vtedy otv\u00e1rali okn\u00e1. S\u00a0kamar\u00e1tom Jankom Blahom, nesk\u00f4r n\u00e1rodn\u00fdm umelcom, spievali spolu na Vianoce koledy.<\/p>\n<p>Dostal miesto aj v\u00a0skalickom mestskom orchestri, v\u00a0 spev\u00e1ckom zbore, zav\u0161e spieval aj ved\u013ea priate\u013ea Buchtu. Po prvej svetovej vojne preru\u0161il skalick\u00e9 gymnazi\u00e1lne \u0161t\u00fadi\u00e1 a\u00a0 ods\u0165ahoval sa za rodi\u010dmi do Budape\u0161ti (v\u00a0Skalici ho vychov\u00e1vala star\u00e1 mama Kotekov\u00e1). Dokon\u010dil \u0161t\u00fadi\u00e1 a\u00a0 dostal anga\u017em\u00e1n v\u00a0divadle. P\u00f4sobil v\u00a0Budape\u0161ti, Seged\u00edne a\u00a0Mi\u0161kovci.<\/p>\n<p>V\u00a0roku 1930 nap\u00edsal svojmu priate\u013eovi Jankovi Blahovi, vtedy u\u017e zn\u00e1memu opern\u00e9mu spev\u00e1kovi, \u010di by mu nena\u0161iel miesto na Slovensku. Vy\u0161lo to, po \u00faspe\u0161nom konkurze sa stal s\u00f3listom n\u00e1rodn\u00e9ho divadla.<\/p>\n<p>T\u00fa\u017eil vidie\u0165 star\u00fa mamu Kotekov\u00fa a\u00a0stark\u00e9ho v\u00a0 Skalici. Riadite\u013e SND s\u00fahlasil, aby si do Skalice Vesel\u00fd na jeden de\u0148 po\u017ei\u010dal auto. Zaparkovali pred domom Kotekovcov. O\u00a0chv\u00ed\u013eu sa okolo auta s\u00fastredilo nieko\u013eko \u0161arvancov.<\/p>\n<p>Vidie\u0165 auto v\u00a0 t\u00fdch \u010dasoch v\u00a0 okrajovej \u010dasti mesta nebolo be\u017en\u00e9. Star\u00e1 mama prekvapene vykukla z\u00a0 br\u00e1ny a\u00a0neverila svojim o\u010diam.<\/p>\n<p>\u201eSi to ty, Ferko?\u201c zmohla sa na kr\u00e1tku vetu. Vesel\u00fd predstavil svoju man\u017eelku. \u201eStar\u00e1 mama a\u00a0pani Gizela sa objali,\u201c hovor\u00ed vo svojich spomienkach Vesel\u00fd.<\/p>\n<p>Odvtedy sl\u00e1vil F. K. Vesel\u00fd ve\u013ek\u00e9 \u00faspechy na javisk\u00e1ch po celom Slovensku i\u00a0 v\u00a0 \u010cech\u00e1ch, rovnako aj na striebornom pl\u00e1tne. Pri jeho skone sm\u00fatilo cel\u00e9 Slovensko, Budape\u0161\u0165 aj Praha. Bol, nie je, ale zost\u00e1va.<\/p>\n","protected":false},"excerpt":{"rendered":"<div class=\"mh-excerpt\"><p>V\u00a0rubrike Skalick\u00e9 ulice predstavujeme \u010ditate\u013eom historick\u00e9 a\u00a0 umeleck\u00e9 osobnosti, pod\u013ea ktor\u00fdch s\u00fa pomenovan\u00e9 ulice v\u00a0 na\u0161om meste. Pokra\u010dujeme ulicou Franti\u0161ka Kri\u0161tofa Vesel\u00e9ho, ktor\u00e1 patr\u00ed medzi najnov\u0161ie v\u00a0meste. Star\u0161ie gener\u00e1cie n\u00e1\u0161ho rod\u00e1ka, zn\u00e1meho umelca poznaj\u00fa, mlad\u00fdm <a class=\"mh-excerpt-more\" href=\"http:\/\/skalickyobzor.sk\/cms\/skalicke-ulice-ulica-frantiska-kristofa-veseleho\/\" title=\"Skalick\u00e9 ulice \u2013 Franti\u0161ka Kri\u0161tofa Vesel\u00e9ho\">[&#8230;]<\/a><\/p>\n<\/div>","protected":false},"author":1,"featured_media":687,"comment_status":"closed","ping_status":"closed","sticky":false,"template":"","format":"standard","meta":{"footnotes":""},"categories":[24],"tags":[],"class_list":{"0":"post-716","1":"post","2":"type-post","3":"status-publish","4":"format-standard","5":"has-post-thumbnail","7":"category-skalicke-ulice"},"_links":{"self":[{"href":"http:\/\/skalickyobzor.sk\/cms\/wp-json\/wp\/v2\/posts\/716","targetHints":{"allow":["GET"]}}],"collection":[{"href":"http:\/\/skalickyobzor.sk\/cms\/wp-json\/wp\/v2\/posts"}],"about":[{"href":"http:\/\/skalickyobzor.sk\/cms\/wp-json\/wp\/v2\/types\/post"}],"author":[{"embeddable":true,"href":"http:\/\/skalickyobzor.sk\/cms\/wp-json\/wp\/v2\/users\/1"}],"replies":[{"embeddable":true,"href":"http:\/\/skalickyobzor.sk\/cms\/wp-json\/wp\/v2\/comments?post=716"}],"version-history":[{"count":2,"href":"http:\/\/skalickyobzor.sk\/cms\/wp-json\/wp\/v2\/posts\/716\/revisions"}],"predecessor-version":[{"id":4203,"href":"http:\/\/skalickyobzor.sk\/cms\/wp-json\/wp\/v2\/posts\/716\/revisions\/4203"}],"wp:featuredmedia":[{"embeddable":true,"href":"http:\/\/skalickyobzor.sk\/cms\/wp-json\/wp\/v2\/media\/687"}],"wp:attachment":[{"href":"http:\/\/skalickyobzor.sk\/cms\/wp-json\/wp\/v2\/media?parent=716"}],"wp:term":[{"taxonomy":"category","embeddable":true,"href":"http:\/\/skalickyobzor.sk\/cms\/wp-json\/wp\/v2\/categories?post=716"},{"taxonomy":"post_tag","embeddable":true,"href":"http:\/\/skalickyobzor.sk\/cms\/wp-json\/wp\/v2\/tags?post=716"}],"curies":[{"name":"wp","href":"https:\/\/api.w.org\/{rel}","templated":true}]}}