{"id":75,"date":"2017-11-01T00:04:12","date_gmt":"2017-10-31T23:04:12","guid":{"rendered":"http:\/\/skalickyobzor.sk\/cms\/?p=75"},"modified":"2017-10-31T23:10:16","modified_gmt":"2017-10-31T22:10:16","slug":"slovenski-a-ceski-spisovatelia-navstivili-skalicu","status":"publish","type":"post","link":"http:\/\/skalickyobzor.sk\/cms\/slovenski-a-ceski-spisovatelia-navstivili-skalicu\/","title":{"rendered":"Slovensk\u00ed a \u010desk\u00ed spisovatelia nav\u0161t\u00edvili Skalicu"},"content":{"rendered":"<p><strong>V d\u0148och 5. a 6. okt\u00f3bra tohto roku zav\u00edtali do Skalice slovensk\u00ed a \u010desk\u00ed spisovatelia literat\u00fary faktu. Pod z\u00e1\u0161titou prim\u00e1tora mesta tam odovzd\u00e1vali n\u00e1rodn\u00e9 ceny za literat\u00faru \u2013 Cenu Vojtecha Zamarovsk\u00e9ho za trval\u00fd pr\u00ednos do literat\u00fary faktu.<\/strong><\/p>\n<p><!--more--><\/p>\n<p>Tohoro\u010dn\u00fdm laure\u00e1tom ceny sa stal spisovate\u013e, publicista a prekladate\u013e, rod\u00e1k zo Skalice, Pavol Dinka. Pri rozhodovan\u00ed porota zobrala do \u00favahy jeho dlhoro\u010dn\u00fa liter\u00e1rnu tvorbu v oblasti literat\u00fary faktu, ktorou sa \u010dasto vracia do rodn\u00e9ho kraja. Zatia\u013e posledn\u00fdm dielom o Skalici je unik\u00e1tna, vy\u0161e 500-stranov\u00e1 kniha Skalick\u00e9 b\u00fady \u2013 pr\u00edbehy o vinohradn\u00edkoch a v\u00edne, za ktor\u00fa z\u00edskal aj dve medzin\u00e1rodn\u00e9 ceny: Cenu Egona Erwina Kischa v \u010ceskej republike a Cenu Medzin\u00e1rodnej organiz\u00e1cie vinohradn\u00edctva a vin\u00e1rstva vo Franc\u00fazsku.<\/p>\n<p>Druh\u00fdm ocenen\u00fdm bol zn\u00e1my \u010desk\u00fd spisovate\u013e literat\u00fary faktu, historik a zberate\u013e Jaroslav \u010cvan\u010dara, ktor\u00fd zhroma\u017edil ve\u013ek\u00e9 mno\u017estvo dokument\u00e1rnych materi\u00e1lov, unik\u00e1tnych fotografi\u00ed a filmov z obdobia 2. svetovej vojny. Venuje sa predov\u0161etk\u00fdm heydrichi\u00e1de, vyp\u00e1leniu Lid\u00edc a oper\u00e1cii Anthropoid.<\/p>\n<p>Ceny laure\u00e1tom odovzdal prim\u00e1tor mesta Ing. \u013dudov\u00edt Bar\u00e1t spolu s profesorom Jozefom Leikertom, predsedom Klubu spisovate\u013eov literat\u00fary faktu. M\u00e1ria Mackov\u00e1 podpredsedn\u00ed\u010dka Klubu literat\u00fary faktu<\/p>\n<h3>SPISOVATE\u013d PAVOL DINKA<\/h3>\n<p>Pavol Dinka, RSDr. (Rerum Socialum Doctor), spisovate\u013e, autor literat\u00fary faktu, publicista, novin\u00e1r, redaktor, politol\u00f3g, medi\u00e1lny analytik a prekladate\u013e sa narodil 29. novembra 1942 v Skalici, kde aj vyrastal. V rodnom meste vychodil z\u00e1kladn\u00fa \u0161kolu, Stredn\u00fa v\u0161eobecn\u00fa vzdel\u00e1vaciu \u0161kolu s maturitou a Stredn\u00fa priemyseln\u00fa \u0161kolu stavebn\u00fa s maturitou. Absolvoval odbor politol\u00f3gia na Vysokej \u0161kole politickej, polro\u010dn\u00e9 \u0161t\u00fadium angli\u010dtiny na Southwest Missouri State College (1968) a trojmesa\u010dn\u00fd \u0161tudijn\u00fd pobyt v USA \u2013 \u017eurnalistika (1992).<\/p>\n<p>Po\u010das svojej \u017eurnalistickej praxe nap\u00edsal desiatky \u010dl\u00e1nkov o svojom rodnom meste, jeho hist\u00f3rii, kult\u00farnych pamiatkach, miestnej a region\u00e1lnej kult\u00fare a d\u00f4le\u017eit\u00fdch spolo\u010densk\u00fdch udalostiach Skalice i cel\u00e9ho z\u00e1horsk\u00e9ho regi\u00f3nu, napr\u00edklad Skalica a Skali\u010dania v literat\u00fare (2012) a Franti\u0161ek Buchta: Skalica a Z\u00e1horie (2008).<\/p>\n<p>V kni\u017enej publicistike sa osobitne zameriava na met\u00f3dy medi\u00e1lnych manipul\u00e1ci\u00ed a ot\u00e1zky etiky v elektronick\u00fdch m\u00e9di\u00e1ch, pritom vyu\u017e\u00edva aj svoje poznatky z pr\u00e1ce v Rade pre vysielanie a transmisiu, ktor\u00e1 dohliada na dodr\u017eiavanie z\u00e1kona a etiky v slovensk\u00fdch elektronick\u00fdch m\u00e9di\u00e1ch. Z angli\u010dtiny prelo\u017eil knihy medzin\u00e1rodne uzn\u00e1van\u00fdch politol\u00f3gov napr\u00edklad Noama Chomsk\u00e9ho. Je \u010dlenom Spolku slovensk\u00fdch spisovate\u013eov (SSS), podpredsedom SSS pre m\u00e9di\u00e1 a \u010dlenom jeho predstavenstva.<\/p>\n<p>Je spoluzakladate\u013eom ob\u010dianskeho zdru\u017eenia otu\u017eilcov Slovensk\u00e9 \u013eadov\u00e9 medvede \u2013 Polar Bears Slovakia, ktor\u00e9 vzniklo 16. okt\u00f3bra 2006.<\/p>\n<p>&nbsp;<\/p>\n<p><em>Autorka je podpredsedn\u00ed\u010dka Klubu literat\u00fary faktu.<\/em><\/p>\n","protected":false},"excerpt":{"rendered":"<div class=\"mh-excerpt\"><p>V d\u0148och 5. a 6. okt\u00f3bra tohto roku zav\u00edtali do Skalice slovensk\u00ed a \u010desk\u00ed spisovatelia literat\u00fary faktu. Pod z\u00e1\u0161titou prim\u00e1tora mesta tam odovzd\u00e1vali n\u00e1rodn\u00e9 ceny za literat\u00faru \u2013 Cenu Vojtecha Zamarovsk\u00e9ho za trval\u00fd pr\u00ednos do <a class=\"mh-excerpt-more\" href=\"http:\/\/skalickyobzor.sk\/cms\/slovenski-a-ceski-spisovatelia-navstivili-skalicu\/\" title=\"Slovensk\u00ed a \u010desk\u00ed spisovatelia nav\u0161t\u00edvili Skalicu\">[&#8230;]<\/a><\/p>\n<\/div>","protected":false},"author":13,"featured_media":96,"comment_status":"closed","ping_status":"closed","sticky":false,"template":"","format":"standard","meta":{"footnotes":""},"categories":[10],"tags":[],"class_list":{"0":"post-75","1":"post","2":"type-post","3":"status-publish","4":"format-standard","5":"has-post-thumbnail","7":"category-zaujalo-nas"},"_links":{"self":[{"href":"http:\/\/skalickyobzor.sk\/cms\/wp-json\/wp\/v2\/posts\/75","targetHints":{"allow":["GET"]}}],"collection":[{"href":"http:\/\/skalickyobzor.sk\/cms\/wp-json\/wp\/v2\/posts"}],"about":[{"href":"http:\/\/skalickyobzor.sk\/cms\/wp-json\/wp\/v2\/types\/post"}],"author":[{"embeddable":true,"href":"http:\/\/skalickyobzor.sk\/cms\/wp-json\/wp\/v2\/users\/13"}],"replies":[{"embeddable":true,"href":"http:\/\/skalickyobzor.sk\/cms\/wp-json\/wp\/v2\/comments?post=75"}],"version-history":[{"count":2,"href":"http:\/\/skalickyobzor.sk\/cms\/wp-json\/wp\/v2\/posts\/75\/revisions"}],"predecessor-version":[{"id":77,"href":"http:\/\/skalickyobzor.sk\/cms\/wp-json\/wp\/v2\/posts\/75\/revisions\/77"}],"wp:featuredmedia":[{"embeddable":true,"href":"http:\/\/skalickyobzor.sk\/cms\/wp-json\/wp\/v2\/media\/96"}],"wp:attachment":[{"href":"http:\/\/skalickyobzor.sk\/cms\/wp-json\/wp\/v2\/media?parent=75"}],"wp:term":[{"taxonomy":"category","embeddable":true,"href":"http:\/\/skalickyobzor.sk\/cms\/wp-json\/wp\/v2\/categories?post=75"},{"taxonomy":"post_tag","embeddable":true,"href":"http:\/\/skalickyobzor.sk\/cms\/wp-json\/wp\/v2\/tags?post=75"}],"curies":[{"name":"wp","href":"https:\/\/api.w.org\/{rel}","templated":true}]}}