{"id":772,"date":"2018-06-09T14:29:44","date_gmt":"2018-06-09T12:29:44","guid":{"rendered":"http:\/\/skalickyobzor.sk\/cms\/?p=772"},"modified":"2018-07-06T20:59:37","modified_gmt":"2018-07-06T18:59:37","slug":"vazeni-poslanci-9","status":"publish","type":"post","link":"http:\/\/skalickyobzor.sk\/cms\/vazeni-poslanci-9\/","title":{"rendered":"V\u00e1\u017een\u00ed poslanci"},"content":{"rendered":"<p>Tak ako ka\u017ed\u00fd mesiac, dovo\u013eujeme si V\u00e1s oslovi\u0165 s\u00a0ot\u00e1zkami ob\u010danov.<br \/>\nTentokr\u00e1t sa bud\u00fa dot\u00fdka\u0165 situ\u00e1cie parkovania pri nemocnici a\u00a0v\u00a0meste Skalica v\u0161eobecne.<\/p>\n<p><strong>OT\u00c1ZKA \u010c. 1<\/strong><br \/>\n<strong>Mysl\u00edte si, \u017ee z\u00a0dlhodob\u00e9ho \u00a0h\u013eadiska je v\u00a0Skalici parkovaniu venovan\u00e1 dostato\u010dn\u00e1 pozornos\u0165?<\/strong><br \/>\n<strong>ODPOVE\u010e: \u00c1NO \/ NIE \/ NEVIEM<\/strong><\/p>\n<p><strong>OT\u00c1ZKA \u010c. 2<\/strong><br \/>\n<strong>Mysl\u00edte si, \u017ee poslanci by mali by\u0165 informovan\u00ed o\u00a0z\u00e1sadn\u00fdch zmen\u00e1ch parkovania na \u00fazem\u00ed mesta?<\/strong><br \/>\n<strong>\u00c1NO \/ NIE \/ NEVIEM<\/strong><\/p>\n<p><strong>OT\u00c1ZKA \u010c. 3<\/strong><br \/>\n<strong>Boli ste vopred informovan\u00ed o\u00a0pripravovanej zmene organiz\u00e1cie parkovania v\u00a0are\u00e1li nemocnice?<\/strong><\/p>\n<p><strong>\u00c1NO-DOSTATO\u010cNE \/ \u00c1NO-NEDOSTATO\u010cNE \/ NIE<\/strong><br \/>\nPopros\u00edme V\u00e1s o\u00a0spolupr\u00e1cu \u00a0i\u00a0t\u00fdm, \u017ee n\u00e1m za\u0161lete odpovede na vy\u0161\u0161ie\u00a0 polo\u017een\u00e9 ot\u00e1zky,\u00a0 va\u0161e n\u00e1zory a\u00a0\u00a0inform\u00e1cie.\u00a0 Z\u00a0va\u0161ich n\u00e1zorov budeme vych\u00e1dza\u0165 v\u00a0na\u0161om \u010dl\u00e1nku k\u00a0tejto problematike.<\/p>\n<p><strong>VYSVETLIVKY:<\/strong><\/p>\n<p><strong>0 neodpovedal<\/strong><br \/>\n<strong>? nedal jednozna\u010dn\u00fa odpove\u010f<\/strong><\/p>\n<p>&nbsp;<\/p>\n<div id=\"poslanci\">\n<div class=\"poslanec\">\n<div class=\"foto\"><img decoding=\"async\" src=\"http:\/\/skalickyobzor.sk\/cms\/wp-content\/uploads\/2017\/10\/fotka_poslanca.jpg\" \/><\/div>\n<div class=\"meno\">BAR\u00c1T \u013dudov\u00edt<\/div>\n<div class=\"odpoved\">0<\/div>\n<\/div>\n<div class=\"poslanec\">\n<div class=\"foto\"><img decoding=\"async\" src=\"http:\/\/skalickyobzor.sk\/cms\/wp-content\/uploads\/2017\/10\/peter_bartos.jpg\" \/><\/div>\n<div class=\"meno\">BARTO\u0160 Peter<\/div>\n<div class=\"odpoved\">0<\/div>\n<\/div>\n<div class=\"poslanec\">\n<div class=\"foto\"><img decoding=\"async\" src=\"http:\/\/skalickyobzor.sk\/cms\/wp-content\/uploads\/2017\/10\/fotka_poslanca.jpg\" \/><\/div>\n<div class=\"meno\">\u010cUNDERL\u00cdK Juraj<\/div>\n<div class=\"odpoved\">0<\/div>\n<\/div>\n<div class=\"poslanec\">\n<div class=\"foto\"><img decoding=\"async\" src=\"http:\/\/skalickyobzor.sk\/cms\/wp-content\/uploads\/2018\/06\/stanislav_chovanec.jpg\" \/><\/div>\n<div class=\"meno\">CHOVANEC Stanislav<\/div>\n<div class=\"odpoved\">\u00a0<\/div>\n<\/div>\n<div class=\"poslanec\">\n<div class=\"foto\"><img decoding=\"async\" src=\"http:\/\/skalickyobzor.sk\/cms\/wp-content\/uploads\/2017\/10\/fotka_poslanca.jpg\" \/><\/div>\n<div class=\"meno\">KADLE\u010c\u00cdK Franti\u0161ek<\/div>\n<div class=\"odpoved\">0<\/div>\n<\/div>\n<div class=\"poslanec\">\n<div class=\"foto\"><img decoding=\"async\" src=\"http:\/\/skalickyobzor.sk\/cms\/wp-content\/uploads\/2017\/10\/martin_kojs.jpg\" \/><\/div>\n<div class=\"meno\">KOJ\u0160 Martin<\/div>\n<div class=\"odpoved\">\u00c1NO \/ \u00c1NO \/ NIE<\/div>\n<\/div>\n<div class=\"poslanec\">\n<div class=\"foto\"><img decoding=\"async\" src=\"http:\/\/skalickyobzor.sk\/cms\/wp-content\/uploads\/2017\/10\/ludovit_kosik.jpg\" \/><\/div>\n<div class=\"meno\">KO\u0160\u00cdK \u013dudov\u00edt<\/div>\n<div class=\"odpoved\">\u00c1NO \/ \u00c1NO \/ NIE<\/div>\n<\/div>\n<div class=\"poslanec\">\n<div class=\"foto\"><img decoding=\"async\" src=\"http:\/\/skalickyobzor.sk\/cms\/wp-content\/uploads\/2017\/10\/peter_kosik.jpg\" \/><\/div>\n<div class=\"meno\">KO\u0160\u00cdK Peter<\/div>\n<div class=\"odpoved\">0<\/div>\n<\/div>\n<div class=\"poslanec\">\n<div class=\"foto\"><img decoding=\"async\" src=\"http:\/\/skalickyobzor.sk\/cms\/wp-content\/uploads\/2017\/10\/dusan_krivsky.jpg\" \/><\/div>\n<div class=\"meno\">KRIVSK\u00dd Du\u0161an<\/div>\n<div class=\"odpoved\">?<\/div>\n<\/div>\n<div class=\"poslanec\">\n<div class=\"foto\"><img decoding=\"async\" src=\"http:\/\/skalickyobzor.sk\/cms\/wp-content\/uploads\/2017\/10\/anna_ozabalova.jpg\" \/><\/div>\n<div class=\"meno\">OZ\u00c1BALOV\u00c1 Anna<\/div>\n<div class=\"odpoved\">NIE \/ \u00c1NO \/ NIE<\/div>\n<\/div>\n<div class=\"poslanec\">\n<div class=\"foto\"><img decoding=\"async\" src=\"http:\/\/skalickyobzor.sk\/cms\/wp-content\/uploads\/2017\/12\/peter_pagac.jpg\" \/><\/div>\n<div class=\"meno\">PAG\u00c1\u010c Peter<\/div>\n<div class=\"odpoved\">NIE \/ \u00c1NO \/ NIE<\/div>\n<\/div>\n<div class=\"poslanec\">\n<div class=\"foto\"><img decoding=\"async\" src=\"http:\/\/skalickyobzor.sk\/cms\/wp-content\/uploads\/2017\/10\/jana_rekosova.jpg\" \/><\/div>\n<div class=\"meno\">REKO\u0160OV\u00c1 Jana<\/div>\n<div class=\"odpoved\">\u00c1NO \/ \u00c1NO \/ NIE<\/div>\n<\/div>\n<div class=\"poslanec\">\n<div class=\"foto\"><img decoding=\"async\" src=\"http:\/\/skalickyobzor.sk\/cms\/wp-content\/uploads\/2017\/12\/milan_roman.jpg\" \/><\/div>\n<div class=\"meno\">ROMAN Milan<\/div>\n<div class=\"odpoved\">\u00c1NO \/ \u00c1NO \/ NIE<\/div>\n<\/div>\n<div class=\"poslanec\">\n<div class=\"foto\"><img decoding=\"async\" src=\"http:\/\/skalickyobzor.sk\/cms\/wp-content\/uploads\/2017\/10\/michal_srholec.jpg\" \/><\/div>\n<div class=\"meno\">SRHOLEC Michal<\/div>\n<div class=\"odpoved\">0<\/div>\n<\/div>\n<div class=\"poslanec\">\n<div class=\"foto\"><img decoding=\"async\" src=\"http:\/\/skalickyobzor.sk\/cms\/wp-content\/uploads\/2017\/10\/fotka_poslanca.jpg\" \/><\/div>\n<div class=\"meno\">\u0160ANTAV\u00dd Rudolf<\/div>\n<div class=\"odpoved\">0<\/div>\n<\/div>\n<div class=\"poslanec\">\n<div class=\"foto\"><img decoding=\"async\" src=\"http:\/\/skalickyobzor.sk\/cms\/wp-content\/uploads\/2018\/03\/roman_spacek.jpg\" \/><\/div>\n<div class=\"meno\">\u0160PA\u010cEK Roman<\/div>\n<div class=\"odpoved\">0<\/div>\n<\/div>\n<div class=\"poslanec\">\n<div class=\"foto\"><img decoding=\"async\" src=\"http:\/\/skalickyobzor.sk\/cms\/wp-content\/uploads\/2017\/10\/frantisek_stefanec.jpg\" \/><\/div>\n<div class=\"meno\">\u0160TEFANEC Franti\u0161ek<\/div>\n<div class=\"odpoved\">0<\/div>\n<\/div>\n<div class=\"poslanec\">\n<div class=\"foto\"><img decoding=\"async\" src=\"http:\/\/skalickyobzor.sk\/cms\/wp-content\/uploads\/2017\/10\/lukas_tison.jpg\" \/><\/div>\n<div class=\"meno\">TISO\u0147 Luk\u00e1\u0161<\/div>\n<div class=\"odpoved\">0<\/div>\n<\/div>\n<div class=\"poslanec\">\n<div class=\"foto\"><img decoding=\"async\" src=\"http:\/\/skalickyobzor.sk\/cms\/wp-content\/uploads\/2018\/03\/alexander_toth.jpg\" \/><\/div>\n<div class=\"meno\">T\u00d3TH Alexander<\/div>\n<div class=\"odpoved\">0<\/div>\n<\/div>\n<div class=\"poslanec\">\n<div class=\"foto\"><img decoding=\"async\" src=\"http:\/\/skalickyobzor.sk\/cms\/wp-content\/uploads\/2017\/10\/daniel_vidovic.jpg\" \/><\/div>\n<div class=\"meno\">VIDOVI\u010c Daniel<\/div>\n<div class=\"odpoved\">NIE \/ \u00c1NO \/ \u00c1NO DOSTATO\u010cNE<\/div>\n<\/div>\n<\/div>\n<p>&nbsp;<\/p>\n<p>&nbsp;<\/p>\n<p><strong>Ing. Stanislav Chovanec<\/strong><\/p>\n<p>Po ka\u017edom \u010dloveku ostan\u00fa spomienky. \u017dije \u010falej v\u00a0tom,<br \/>\n\u010do denne stret\u00e1vame, okolo \u010doho chod\u00edme a\u00a0\u010do ovplyvnilo bud\u00facnos\u0165 mnoh\u00fdch \u013eud\u00ed.<br \/>\nIng. Stanislav Chovanec bol dlhoro\u010dn\u00fdm poslancom Trnavsk\u00e9ho samospr\u00e1vneho kraja<br \/>\na\u00a0poslancom Mestsk\u00e9ho zastupite\u013estva v\u00a0Skalici. Dvan\u00e1s\u0165 rokov st\u00e1l v\u00a0\u010dele Skalice a\u00a0stal sa s\u00fa\u010das\u0165ou jej hist\u00f3rie.<\/p>\n","protected":false},"excerpt":{"rendered":"<div class=\"mh-excerpt\"><p>Tak ako ka\u017ed\u00fd mesiac, dovo\u013eujeme si V\u00e1s oslovi\u0165 s\u00a0ot\u00e1zkami ob\u010danov. Tentokr\u00e1t sa bud\u00fa dot\u00fdka\u0165 situ\u00e1cie parkovania pri nemocnici a\u00a0v\u00a0meste Skalica v\u0161eobecne. OT\u00c1ZKA \u010c. 1 Mysl\u00edte si, \u017ee z\u00a0dlhodob\u00e9ho \u00a0h\u013eadiska je v\u00a0Skalici parkovaniu venovan\u00e1 dostato\u010dn\u00e1 pozornos\u0165? <a class=\"mh-excerpt-more\" href=\"http:\/\/skalickyobzor.sk\/cms\/vazeni-poslanci-9\/\" title=\"V\u00e1\u017een\u00ed poslanci\">[&#8230;]<\/a><\/p>\n<\/div>","protected":false},"author":1,"featured_media":239,"comment_status":"closed","ping_status":"closed","sticky":false,"template":"","format":"standard","meta":{"footnotes":""},"categories":[9],"tags":[],"class_list":{"0":"post-772","1":"post","2":"type-post","3":"status-publish","4":"format-standard","5":"has-post-thumbnail","7":"category-vazeni-poslanci"},"_links":{"self":[{"href":"http:\/\/skalickyobzor.sk\/cms\/wp-json\/wp\/v2\/posts\/772","targetHints":{"allow":["GET"]}}],"collection":[{"href":"http:\/\/skalickyobzor.sk\/cms\/wp-json\/wp\/v2\/posts"}],"about":[{"href":"http:\/\/skalickyobzor.sk\/cms\/wp-json\/wp\/v2\/types\/post"}],"author":[{"embeddable":true,"href":"http:\/\/skalickyobzor.sk\/cms\/wp-json\/wp\/v2\/users\/1"}],"replies":[{"embeddable":true,"href":"http:\/\/skalickyobzor.sk\/cms\/wp-json\/wp\/v2\/comments?post=772"}],"version-history":[{"count":20,"href":"http:\/\/skalickyobzor.sk\/cms\/wp-json\/wp\/v2\/posts\/772\/revisions"}],"predecessor-version":[{"id":975,"href":"http:\/\/skalickyobzor.sk\/cms\/wp-json\/wp\/v2\/posts\/772\/revisions\/975"}],"wp:featuredmedia":[{"embeddable":true,"href":"http:\/\/skalickyobzor.sk\/cms\/wp-json\/wp\/v2\/media\/239"}],"wp:attachment":[{"href":"http:\/\/skalickyobzor.sk\/cms\/wp-json\/wp\/v2\/media?parent=772"}],"wp:term":[{"taxonomy":"category","embeddable":true,"href":"http:\/\/skalickyobzor.sk\/cms\/wp-json\/wp\/v2\/categories?post=772"},{"taxonomy":"post_tag","embeddable":true,"href":"http:\/\/skalickyobzor.sk\/cms\/wp-json\/wp\/v2\/tags?post=772"}],"curies":[{"name":"wp","href":"https:\/\/api.w.org\/{rel}","templated":true}]}}