{"id":78,"date":"2017-11-01T00:02:28","date_gmt":"2017-10-31T23:02:28","guid":{"rendered":"http:\/\/skalickyobzor.sk\/cms\/?p=78"},"modified":"2017-10-31T23:09:58","modified_gmt":"2017-10-31T22:09:58","slug":"europsky-tyzden-mobility-v-ms-sedmokraska","status":"publish","type":"post","link":"http:\/\/skalickyobzor.sk\/cms\/europsky-tyzden-mobility-v-ms-sedmokraska\/","title":{"rendered":"Eur\u00f3psky t\u00fd\u017ede\u0148 mobility v M\u0160 Sedmokr\u00e1ska"},"content":{"rendered":"<p><strong>Pravideln\u00e1 pohybov\u00e1 aktivita je predpokladom zdrav\u00e9ho v\u00fdvoja det\u00ed a z\u00e1kladom prevencie civiliza\u010dn\u00fdch chor\u00f4b.<\/strong><\/p>\n<p><!--more--><\/p>\n<p>Je neodmyslite\u013en\u00fdm prvkom \u013eudsk\u00e9ho bytia, preto\u017ee pohyb znamen\u00e1 omnoho viac. Pohyb je v\u0161ade okolo n\u00e1s, odr\u00e1\u017ea na\u0161e z\u00e1ujmy, potreby, city, v\u00f4\u013eu, n\u00e1lady. Je komunika\u010dn\u00fdm a aj informa\u010dn\u00fdm prostriedkom pre okolie. Okrem in\u00fdch aktiv\u00edt pred\u0161kol\u00e1ci z M\u0160 Skalica, elokovan\u00e9 pracovisko Hurbanova, v r\u00e1mci Eur\u00f3pskeho t\u00fd\u017ed\u0148a mobility nav\u0161t\u00edvili zariadenie pre seniorov Jes\u00e9nia.<\/p>\n<p>Svoj\u00edm el\u00e1nom, spevom, pohybom a rados\u0165ou pom\u00e1haj\u00fa seniorom vr\u00e1ti\u0165 energiu do \u017eivota a deti maj\u00fa rados\u0165, ke\u010f sa im podar\u00ed vy\u010darova\u0165 \u00fasmev na ich unaven\u00fdch tv\u00e1rach. Vytvorili si medzi sebou pekn\u00e9 kamar\u00e1tske vz\u0165ahy a nevedia sa do\u010dka\u0165 \u010fal\u0161ieho spolo\u010dn\u00e9ho stretnutia. Ani po\u010das Eur\u00f3pskeho t\u00fd\u017ed\u0148a mobility sme nezabudli na na\u0161ich stark\u00fdch v Jes\u00e9nii, aby sme vd\u00fdchli rados\u0165 z pohybu a roztancovali a rozh\u00fdbali starobou, no i chorobou unaven\u00fdch star\u010dekov a babi\u010dky. Ur\u010dite sme svoj\u00edm mil\u00fdm pohybov\u00fdm vyst\u00fapen\u00edm a zapojen\u00edm v\u0161etk\u00fdch do pohybov\u00fdch aktiv\u00edt naplnili my\u0161lienku Eur\u00f3pskeho d\u0148a mobility.<\/p>\n<p>\u201eNa\u0161i\u201c stark\u00ed necestuj\u00fa, nemusia sa pon\u00e1h\u013ea\u0165 do pr\u00e1ce a na n\u00e1kupy, v\u00e4\u010d\u0161iu \u010das\u0165 d\u0148a tr\u00e1via v zariaden\u00ed a ich pohyb je u\u017e obmedzen\u00fd. A pr\u00e1ve preto, uvedomuj\u00fac si, \u017ee i pre nich je pohyb d\u00f4le\u017eit\u00fd, tak ako inak, ako pri hr\u00e1ch s deti\u010dkami, sme ich nen\u00e1silne posmelili a vyburcovali k pohybovej aktivite a tie\u017e vytvorili priate\u013esk\u00fa a z\u00e1bavn\u00fa atmosf\u00e9ru. Detsk\u00fd \u00fasmev a smiech otv\u00e1ra nielen srdcia, ale videli sme, \u017ee staru\u010dk\u00e9 n\u00f4\u017eky, r\u00fa\u010dky aj telo roztancuje a rozvesel\u00ed.<\/p>\n<p><img loading=\"lazy\" decoding=\"async\" class=\"aligncenter size-full wp-image-93\" src=\"http:\/\/skalickyobzor.sk\/cms\/wp-content\/uploads\/2017\/10\/ucta_k_starsim2.jpg\" alt=\"\" width=\"544\" height=\"360\" srcset=\"http:\/\/skalickyobzor.sk\/cms\/wp-content\/uploads\/2017\/10\/ucta_k_starsim2.jpg 544w, http:\/\/skalickyobzor.sk\/cms\/wp-content\/uploads\/2017\/10\/ucta_k_starsim2-300x199.jpg 300w\" sizes=\"auto, (max-width: 544px) 100vw, 544px\" \/><\/p>\n<p>U niektor\u00fdch tancovali aspo\u0148 srdie\u010dka a pookriali ich unaven\u00e9 a jese\u0148ou zosmutnen\u00e9 du\u0161i\u010dky. Znova ich nav\u0161t\u00edvime pri pr\u00edle\u017eitosti \u201eMesiaca \u00facty k star\u0161\u00edm\u201c. \u201eNa\u0161i\u201c stark\u00ed v Jes\u00e9nii na n\u00e1s op\u00e4\u0165 \u010dakaj\u00fa a deti\u010dky sl\u00e1vnostn\u00fd program a dar\u010deky chystaj\u00fa.<\/p>\n<p>Prostredn\u00edctvom aktiv\u00edt podobn\u00e9ho charakteru je mo\u017en\u00e9 docieli\u0165 op\u00e4tovn\u00e9 zmobilizovanie vn\u00fatorn\u00fdch s\u00edl star\u0161\u00edch \u013eud\u00ed a ich akt\u00edvneho pre\u017e\u00edvania staroby. Tak\u00e9to n\u00e1v\u0161tevy, stretnutia a vyst\u00fapenia pova\u017eujeme za za\u010diatok rozpozn\u00e1vania potreby star\u00fdch \u013eud\u00ed a z\u00e1rove\u0148 v de\u0165och pred\u0161kolsk\u00e9ho veku posil\u0148ujeme v\u00fdchovu k hodnot\u00e1m a ist\u00fa empatiu vo\u010di star\u00fdm \u013eu\u010fom.<\/p>\n<p><img loading=\"lazy\" decoding=\"async\" class=\"aligncenter size-full wp-image-94\" src=\"http:\/\/skalickyobzor.sk\/cms\/wp-content\/uploads\/2017\/10\/ucta_k_starsim1.jpg\" alt=\"\" width=\"544\" height=\"362\" srcset=\"http:\/\/skalickyobzor.sk\/cms\/wp-content\/uploads\/2017\/10\/ucta_k_starsim1.jpg 544w, http:\/\/skalickyobzor.sk\/cms\/wp-content\/uploads\/2017\/10\/ucta_k_starsim1-300x200.jpg 300w\" sizes=\"auto, (max-width: 544px) 100vw, 544px\" \/><\/p>\n<p>Deti predsa nemaj\u00fa by\u0165 pre\u010do izolovan\u00e9 od skuto\u010dn\u00e9ho \u017eivota, v ktorom sa \u017eije a aj umiera. V takomto prepojen\u00ed je celkom iste obrovsk\u00fd potenci\u00e1l a sila. Zob\u00fadza v \u013eu\u010foch hodnoty, ktor\u00e9 pomaly vymieraj\u00fa \u2013 \u00factu, vz\u00e1jomnos\u0165 a slobodu vo vz\u0165ahoch. Ka\u017ed\u00fd star\u0161\u00ed \u010dlovek by mal by\u0165 ako jeden zo vz\u00e1cnych pokladov, ktor\u00e9 spolo\u010dnos\u0165 m\u00e1.<\/p>\n<p>&nbsp;<\/p>\n<p><em>Autorka je riadite\u013eka M\u0160 Skalica.<\/em><\/p>\n","protected":false},"excerpt":{"rendered":"<div class=\"mh-excerpt\"><p>Pravideln\u00e1 pohybov\u00e1 aktivita je predpokladom zdrav\u00e9ho v\u00fdvoja det\u00ed a z\u00e1kladom prevencie civiliza\u010dn\u00fdch chor\u00f4b.<\/p>\n<\/div>","protected":false},"author":9,"featured_media":95,"comment_status":"closed","ping_status":"closed","sticky":false,"template":"","format":"standard","meta":{"footnotes":""},"categories":[10],"tags":[],"class_list":{"0":"post-78","1":"post","2":"type-post","3":"status-publish","4":"format-standard","5":"has-post-thumbnail","7":"category-zaujalo-nas"},"_links":{"self":[{"href":"http:\/\/skalickyobzor.sk\/cms\/wp-json\/wp\/v2\/posts\/78","targetHints":{"allow":["GET"]}}],"collection":[{"href":"http:\/\/skalickyobzor.sk\/cms\/wp-json\/wp\/v2\/posts"}],"about":[{"href":"http:\/\/skalickyobzor.sk\/cms\/wp-json\/wp\/v2\/types\/post"}],"author":[{"embeddable":true,"href":"http:\/\/skalickyobzor.sk\/cms\/wp-json\/wp\/v2\/users\/9"}],"replies":[{"embeddable":true,"href":"http:\/\/skalickyobzor.sk\/cms\/wp-json\/wp\/v2\/comments?post=78"}],"version-history":[{"count":2,"href":"http:\/\/skalickyobzor.sk\/cms\/wp-json\/wp\/v2\/posts\/78\/revisions"}],"predecessor-version":[{"id":117,"href":"http:\/\/skalickyobzor.sk\/cms\/wp-json\/wp\/v2\/posts\/78\/revisions\/117"}],"wp:featuredmedia":[{"embeddable":true,"href":"http:\/\/skalickyobzor.sk\/cms\/wp-json\/wp\/v2\/media\/95"}],"wp:attachment":[{"href":"http:\/\/skalickyobzor.sk\/cms\/wp-json\/wp\/v2\/media?parent=78"}],"wp:term":[{"taxonomy":"category","embeddable":true,"href":"http:\/\/skalickyobzor.sk\/cms\/wp-json\/wp\/v2\/categories?post=78"},{"taxonomy":"post_tag","embeddable":true,"href":"http:\/\/skalickyobzor.sk\/cms\/wp-json\/wp\/v2\/tags?post=78"}],"curies":[{"name":"wp","href":"https:\/\/api.w.org\/{rel}","templated":true}]}}