{"id":811,"date":"2018-06-09T14:26:18","date_gmt":"2018-06-09T12:26:18","guid":{"rendered":"http:\/\/skalickyobzor.sk\/cms\/?p=811"},"modified":"2018-06-26T20:41:56","modified_gmt":"2018-06-26T18:41:56","slug":"skalicke-hori-cupi-a-rozhledna","status":"publish","type":"post","link":"http:\/\/skalickyobzor.sk\/cms\/skalicke-hori-cupi-a-rozhledna\/","title":{"rendered":"Skalick\u00e9 hori &#8211; \u010dupi a rozhled\u0148a"},"content":{"rendered":"<p>Skalick\u00e9 hori s\u00fa aj v\u00a0dne\u0161\u0148\u00ed dobje m\u00edstem \u010dast\u00edch n\u00e1f\u0161tef turist\u00fa, hubar\u00fa, polov\u0148\u00edk\u00fa, \u0161portovc\u00fa a\u00a0milenc\u00fa. Cesta ze Zlat\u0148\u00edckej dolini bila kedisi enom obi\u010dajn\u00e1 hrack\u00e1, dnes je asfaltov\u00e1, vede pri potoku hore a\u0161 po Kamen\u00fa b\u00fadu, tam sa to\u010d\u00ed doleva, a\u00a0pokra\u010duje sp\u00e1tki do Zlat\u0148\u00edckej dolini. Cesta je lemovan\u00e1 pjekn\u00edma kvje\u0165inama. V\u00a0Zlat\u0148\u00edckem potoku b\u00edval kedisi vje\u010d\u00ed pr\u00fat vodi a\u00a0pl\u00e1vali v\u00a0\u0148em raci poto\u010d\u0148\u00ed a\u00a0v\u00a0dolnej \u010das\u0165i aj ribi jalci, ba aj pstruzi. Dneskaj je tam enom sem-tam skokan h\u0148ed\u00ed. Ale co bilo e\u0161\u0165e vz\u00e1c\u0148ej\u0161\u00ed, viskitoval sa tam aj mlok poto\u010d\u0148\u00ed (salamandra \u0161kvr\u0148it\u00e1) &#8211; ja\u0161\u0165erka to pjekn\u00e1. V\u00a0na\u0161ich hor\u00e1ch \u017eije furt e\u0161\u0165e dos\u0165 \u010fiv\u00edch zv\u00edrat, srn\u010d\u00ed, \u010fiv\u00e1ci, da\u0148ieli, l\u00ed\u0161ki, jazveci, zaj\u00edci a\u00a0moc prekr\u00e1snich ft\u00e1ku, aj vz\u00e1cnich, napr\u00edklad sluka horn\u00e1. Gdo sa chce napit \u010distej, zdravej a\u00a0dobrej studenej vodi, tak iste ju najde ve studence pri Kamenej b\u00fade, ker\u00e1 bila kedisi postaven\u00e1 pro les\u0148\u00edk\u00fa a\u00a0drevoruba\u010d\u00fa, abi tu mohli prespat. Spom\u00edname, mi star\u00ed Skali\u010dan\u00e9, \u017ee sme tam cho\u010f\u00edvali aj ze \u0161koli na celode\u0148\u00ed v\u00edleti. Nekedi sme tam aj prespali a\u00a0z\u00a0domu donesen\u00e9 neco aj zedli, dobr\u00fa vod\u00fa zapili a\u00a0i\u0161li dom.<\/p>\n<p>A\u00a0f\u010dil neco k\u00a0tej rozhled\u0148i. Nat Kamen\u00fa b\u00fad\u00fa v\u00e9del chod\u0148\u00ed\u010dek na vrchol m\u00e9nem \u010cupi a\u0161 k\u00a0rozhled\u0148i. Bila to drevjen\u00e1 stavba z\u00a0gul\u00e1\u010d\u00fa a\u00a0z\u00a0\u0148\u00ed na sam\u00e9m vrchu bilo vi\u010fet okol\u00ed jak na dla\u0148i. Za pjekn\u00e9ho po\u010das\u00e1 sa dal vi\u010fet hrat Buchlov na Moravje, okolit\u00e9 mjesta a\u00a0\u010fe\u010fini, dokonca z\u00a0dalekohledem aj V\u00edde\u0148. Asi po roku 1950 za\u010dala rozhled\u0148a ch\u00e1trat, \u0148igdo ju neopravoval a\u00a0tak pro bespe\u010dnos\u0165 bila zb\u00faran\u00e1. Dneska s\u00fa s\u00a0teho enom spom\u00ednki. St\u00e1lo bi za to t\u00fato drevjen\u00fa stavbu obnovit a\u00a0Skalica bi sa tak mohla e\u0161\u0165e v\u00edc zvi\u010fitel\u0148it, ba aj v\u00a0zahra\u0148i\u010d\u00ed presl\u00e1vit, a\u00a0bilo bi to zase neco, co ne\u0148i \u0148igde v\u00a0\u0161irok\u00e9m okol\u00ed. Vjer\u00edm, \u017ee s\u00a0pomoc\u00fa mjesk\u00edch \u00farad\u00fa, \u0161t\u00e1tnich les\u00fa a\u00a0nat\u0161enc\u00fa pr\u00edrodi sa to d\u00e1 uskute\u010d\u0148it. Skalica je prekr\u00e1sn\u00e1, kult\u00farn\u00e9 pam\u00e1tki s\u00fa udr\u017eovan\u00e9, tak k\u00a0temu pridajme aj rozhled\u0148u v\u00a0na\u0161ich hor\u00e1ch, nech sa mo\u017eeme mi, Skali\u010dan\u00e9 zase \u010d\u00edm chv\u00e1lit a\u00a0ponechat t\u00fato pam\u00e1tku pro dal\u0161\u00ed gener\u00e1cie.<\/p>\n<p>P\u00ed\u0161u enom to, co sem v\u00a0mojem \u017eivo\u0165e vi\u010fel, \u010dul a\u00a0za\u017eil.<\/p>\n<p><em>Miloslav Tom\u0161ej st.,<\/em><br \/>\n<em>Skali\u010dan \u0165elem aj du\u0161\u00fa <\/em><\/p>\n","protected":false},"excerpt":{"rendered":"<div class=\"mh-excerpt\"><p>Skalick\u00e9 hori s\u00fa aj v\u00a0dne\u0161\u0148\u00ed dobje m\u00edstem \u010dast\u00edch n\u00e1f\u0161tef turist\u00fa, hubar\u00fa, polov\u0148\u00edk\u00fa, \u0161portovc\u00fa a\u00a0milenc\u00fa. Cesta ze Zlat\u0148\u00edckej dolini bila kedisi enom obi\u010dajn\u00e1 hrack\u00e1, dnes je asfaltov\u00e1, vede pri potoku hore a\u0161 po Kamen\u00fa b\u00fadu, tam <a class=\"mh-excerpt-more\" href=\"http:\/\/skalickyobzor.sk\/cms\/skalicke-hori-cupi-a-rozhledna\/\" title=\"Skalick\u00e9 hori &#8211; \u010dupi a rozhled\u0148a\">[&#8230;]<\/a><\/p>\n<\/div>","protected":false},"author":17,"featured_media":920,"comment_status":"closed","ping_status":"closed","sticky":false,"template":"","format":"standard","meta":{"footnotes":""},"categories":[4],"tags":[],"class_list":{"0":"post-811","1":"post","2":"type-post","3":"status-publish","4":"format-standard","5":"has-post-thumbnail","7":"category-ja-su-ze-skalice"},"_links":{"self":[{"href":"http:\/\/skalickyobzor.sk\/cms\/wp-json\/wp\/v2\/posts\/811","targetHints":{"allow":["GET"]}}],"collection":[{"href":"http:\/\/skalickyobzor.sk\/cms\/wp-json\/wp\/v2\/posts"}],"about":[{"href":"http:\/\/skalickyobzor.sk\/cms\/wp-json\/wp\/v2\/types\/post"}],"author":[{"embeddable":true,"href":"http:\/\/skalickyobzor.sk\/cms\/wp-json\/wp\/v2\/users\/17"}],"replies":[{"embeddable":true,"href":"http:\/\/skalickyobzor.sk\/cms\/wp-json\/wp\/v2\/comments?post=811"}],"version-history":[{"count":2,"href":"http:\/\/skalickyobzor.sk\/cms\/wp-json\/wp\/v2\/posts\/811\/revisions"}],"predecessor-version":[{"id":944,"href":"http:\/\/skalickyobzor.sk\/cms\/wp-json\/wp\/v2\/posts\/811\/revisions\/944"}],"wp:featuredmedia":[{"embeddable":true,"href":"http:\/\/skalickyobzor.sk\/cms\/wp-json\/wp\/v2\/media\/920"}],"wp:attachment":[{"href":"http:\/\/skalickyobzor.sk\/cms\/wp-json\/wp\/v2\/media?parent=811"}],"wp:term":[{"taxonomy":"category","embeddable":true,"href":"http:\/\/skalickyobzor.sk\/cms\/wp-json\/wp\/v2\/categories?post=811"},{"taxonomy":"post_tag","embeddable":true,"href":"http:\/\/skalickyobzor.sk\/cms\/wp-json\/wp\/v2\/tags?post=811"}],"curies":[{"name":"wp","href":"https:\/\/api.w.org\/{rel}","templated":true}]}}