{"id":813,"date":"2018-06-09T14:27:41","date_gmt":"2018-06-09T12:27:41","guid":{"rendered":"http:\/\/skalickyobzor.sk\/cms\/?p=813"},"modified":"2020-11-24T16:28:41","modified_gmt":"2020-11-24T15:28:41","slug":"skalicke-ulice-koreszkova","status":"publish","type":"post","link":"http:\/\/skalickyobzor.sk\/cms\/skalicke-ulice-koreszkova\/","title":{"rendered":"Skalick\u00e9 ulice &#8211; Koreszkova"},"content":{"rendered":"<p><strong>V\u00a0na\u0161ej rubrike <em>Skalick\u00e9 ulice<\/em> \u010ditate\u013eom predstavujeme historick\u00e9 osobnosti, pod\u013ea ktor\u00fdch s\u00fa pomenovan\u00e9 ulice v\u00a0na\u0161om meste. Dnes pokra\u010dujeme ulicou J\u00faliusa Koreszku.<\/strong><\/p>\n<p>J\u00falius Koreszka (24. 2. 1895, Doj\u010d \u2013 1. 12. 1958, Skalica), v\u00fdznamn\u00fd slovensk\u00fd maliar, ospevovate\u013e kr\u00e1s Z\u00e1horia, sa narodil v\u00a0Doj\u010di. Po maturite na gymn\u00e1ziu v\u00a0Skalici, kam sa jeho rodi\u010dia pres\u0165ahovali do \u00fatuln\u00e9ho dom\u010deka, u\u010dupen\u00e9ho v\u00a0tieni l\u00edp pre Skalicu charakteristickej aleje, ved\u00facej do p\u00f4vabn\u00e9ho H\u00e1jka, \u0161tudoval kr\u00e1tky \u010das na Vysokej \u0161kole v\u00fdtvarn\u00fdch umen\u00ed v\u00a0Budape\u0161ti a\u00a0nesk\u00f4r na Akad\u00e9mii v\u00fdtvarn\u00fdch umen\u00ed v\u00a0Prahe.<\/p>\n<p>Najplodnej\u0161\u00edm obdob\u00edm Koreszkovho \u017eivota bolo \u0161tvr\u0165storo\u010die jeho pobytu v\u00a0Skalici. Zo svojho skromn\u00e9ho skalick\u00e9ho ateli\u00e9ru, s\u00a0v\u00fdh\u013eadom na starobyl\u00fd farsk\u00fd gotick\u00fd kostol, obosielal nielen bratislavsk\u00e9 a\u00a0celo\u0161t\u00e1tne v\u00fdstavy, ale aj\u00a0v\u00fdstavu slovensk\u00e9ho umenia v\u00a0New Yorku v\u00a0roku 1938, na ktorej sa svetovej verejnosti predstavil fascinuj\u00facim obrazom <em>Skalick\u00fd zimn\u00fd mot\u00edv<\/em>. Koreszkove obrazy zo skalick\u00e9ho obdobia jeho tvorby s\u00fa vern\u00fdm odzrkadlen\u00edm jeho d\u00f4vern\u00e9ho a\u00a0l\u00e1skypln\u00e9ho vz\u0165ahu k\u00a0skalickej a\u00a0z\u00e1horskej pr\u00edrode. Obzvl\u00e1\u0161\u0165 povzn\u00e1\u0161aj\u00facou Koreszkovou \u00f3dou na Skalicu, u\u010dupen\u00fa pod t\u00f4\u0148ou vini\u010da a\u00a0olemovan\u00fa prstencom modrav\u00fdch lesov a\u00a0h\u00f4r, je obraz <em>Poh\u013ead na Skalicu z\u00a0vinohradov<\/em>. K\u00a0nej sa dru\u017e\u00ed, ako skamenen\u00e1 rozpr\u00e1vka o\u00a0za\u0161lej po\u00e9zii tajomn\u00e9ho \u010dara minulosti, obraz <em>Poh\u013ead na Skalicu z\u00a0Kalv\u00e1rie<\/em>, na ktorom sa sn\u00fabi v\u00a0harmonickom celku \u00fatlos\u0165 ranorom\u00e1nskej rotundy s\u00a0monument\u00e1lnos\u0165ou jej barokovej kopuly a\u00a0s\u00a0jemnou ladnos\u0165ou renesan\u010dn\u00fdch ark\u00e1d ve\u017ee farsk\u00e9ho kostola. S\u00a0<em>Poh\u013eadom na Skalicu z\u00a0Kalv\u00e1rie<\/em> zdanlivo paradoxne kontrastuj\u00fa <em>Mohyly na \u017eidovskom cintor\u00edne<\/em>, k\u00fapaj\u00face sa v\u00a0slne\u010dnej z\u00e1plave. Prostredn\u00edctvom slne\u010dn\u00e9ho jasu s\u00fa <em>Mohyly na \u017eidovskom cintor\u00edne<\/em> spriaznen\u00e9 s\u00a0obrazmi <em>Skalica v\u00a0letnom slnku<\/em> a\u00a0<em>Krajina v\u00a0letnom slnku<\/em>. Popul\u00e1rnym sa stal jeho olej <em>Rozhovor na moste cez Stra\u010dinsk\u00fd potok<\/em>. Trval\u00fd pomn\u00edk si Koreszka postavil ve\u013ek\u00fdm olejov\u00fdm pann\u00f3, zobrazuj\u00facim poh\u013ead na Skalicu 19. storo\u010dia.<\/p>\n<p><em>Pavol Dinka<\/em><\/p>\n","protected":false},"excerpt":{"rendered":"<div class=\"mh-excerpt\"><p>V\u00a0na\u0161ej rubrike Skalick\u00e9 ulice \u010ditate\u013eom predstavujeme historick\u00e9 osobnosti, pod\u013ea ktor\u00fdch s\u00fa pomenovan\u00e9 ulice v\u00a0na\u0161om meste. Dnes pokra\u010dujeme ulicou J\u00faliusa Koreszku. J\u00falius Koreszka (24. 2. 1895, Doj\u010d \u2013 1. 12. 1958, Skalica), v\u00fdznamn\u00fd slovensk\u00fd maliar, ospevovate\u013e <a class=\"mh-excerpt-more\" href=\"http:\/\/skalickyobzor.sk\/cms\/skalicke-ulice-koreszkova\/\" title=\"Skalick\u00e9 ulice &#8211; Koreszkova\">[&#8230;]<\/a><\/p>\n<\/div>","protected":false},"author":16,"featured_media":921,"comment_status":"closed","ping_status":"closed","sticky":false,"template":"","format":"standard","meta":{"footnotes":""},"categories":[24],"tags":[],"class_list":{"0":"post-813","1":"post","2":"type-post","3":"status-publish","4":"format-standard","5":"has-post-thumbnail","7":"category-skalicke-ulice"},"_links":{"self":[{"href":"http:\/\/skalickyobzor.sk\/cms\/wp-json\/wp\/v2\/posts\/813","targetHints":{"allow":["GET"]}}],"collection":[{"href":"http:\/\/skalickyobzor.sk\/cms\/wp-json\/wp\/v2\/posts"}],"about":[{"href":"http:\/\/skalickyobzor.sk\/cms\/wp-json\/wp\/v2\/types\/post"}],"author":[{"embeddable":true,"href":"http:\/\/skalickyobzor.sk\/cms\/wp-json\/wp\/v2\/users\/16"}],"replies":[{"embeddable":true,"href":"http:\/\/skalickyobzor.sk\/cms\/wp-json\/wp\/v2\/comments?post=813"}],"version-history":[{"count":3,"href":"http:\/\/skalickyobzor.sk\/cms\/wp-json\/wp\/v2\/posts\/813\/revisions"}],"predecessor-version":[{"id":946,"href":"http:\/\/skalickyobzor.sk\/cms\/wp-json\/wp\/v2\/posts\/813\/revisions\/946"}],"wp:featuredmedia":[{"embeddable":true,"href":"http:\/\/skalickyobzor.sk\/cms\/wp-json\/wp\/v2\/media\/921"}],"wp:attachment":[{"href":"http:\/\/skalickyobzor.sk\/cms\/wp-json\/wp\/v2\/media?parent=813"}],"wp:term":[{"taxonomy":"category","embeddable":true,"href":"http:\/\/skalickyobzor.sk\/cms\/wp-json\/wp\/v2\/categories?post=813"},{"taxonomy":"post_tag","embeddable":true,"href":"http:\/\/skalickyobzor.sk\/cms\/wp-json\/wp\/v2\/tags?post=813"}],"curies":[{"name":"wp","href":"https:\/\/api.w.org\/{rel}","templated":true}]}}