{"id":823,"date":"2018-06-09T14:32:53","date_gmt":"2018-06-09T12:32:53","guid":{"rendered":"http:\/\/skalickyobzor.sk\/cms\/?p=823"},"modified":"2018-06-09T14:32:53","modified_gmt":"2018-06-09T12:32:53","slug":"tak-si-myslim-ze-niekedy-je-dobre-nic-si-nemysliet","status":"publish","type":"post","link":"http:\/\/skalickyobzor.sk\/cms\/tak-si-myslim-ze-niekedy-je-dobre-nic-si-nemysliet\/","title":{"rendered":"Tak si mysl\u00edm, \u017ee niekedy je dobr\u00e9 ni\u010d si nemyslie\u0165"},"content":{"rendered":"<p>\u017dijeme v\u00a0 hektickej dobe. Pre t\u00fato chv\u00ed\u013eu nie je d\u00f4le\u017eit\u00e9, \u010di je to dobre, \u010di zle. \u010ci sa to deje mimo n\u00e1s alebo to sp\u00f4sobujeme my sami.<\/p>\n<p>S\u00fa dni, kedy je toho ve\u013ea &#8211; ve\u013ea inform\u00e1ci\u00ed, ve\u013ea udalost\u00ed, ve\u013ea em\u00f3ci\u00ed. Jednoducho, ve\u013ea v\u0161etk\u00e9ho. Sna\u017e\u00edme sa to dajako uchopi\u0165 a\u00a0pochopi\u0165.<\/p>\n<p>S\u00fa v\u0161ak veci, ktor\u00e9 id\u00fa mimo n\u00e1s, ktor\u00e9 nejde uchopi\u0165 a\u00a0pochopi\u0165, ktor\u00e9 je treba iba pre\u017ei\u0165. A\u00a0neprem\u00fd\u0161\u013ea\u0165. Inak sa v\u00edr udalost\u00ed nezastav\u00ed, koloto\u010d sa bude to\u010di\u0165 \u010falej, a\u017e strat\u00edme vedomie seba sam\u00fdch.<\/p>\n<p>A\u00a0tak netreba prem\u00fd\u0161\u013ea\u0165, sta\u010d\u00ed len by\u0165. By\u0165, \u017ei\u0165 a\u00a0iba d\u00fdcha\u0165.<br \/>\nA\u00a0mo\u017eno pr\u00e1ve dnes je ten \u010das. \u010cas pr\u00e1zdna a\u00a0plna s\u00fa\u010dasne. \u010cas pokoja a\u00a0zmierenia.<br \/>\n\u010cas ticha &#8230;<\/p>\n<p>S\u00a0\u00factou<\/p>\n<p><em>d\u00fdchaj\u00faca<\/em><\/p>\n<p><em>\u017delm\u00edra Mach\u00e1\u010dkov\u00e1<\/em><\/p>\n","protected":false},"excerpt":{"rendered":"<div class=\"mh-excerpt\"><p>\u017dijeme v\u00a0 hektickej dobe. Pre t\u00fato chv\u00ed\u013eu nie je d\u00f4le\u017eit\u00e9, \u010di je to dobre, \u010di zle. \u010ci sa to deje mimo n\u00e1s alebo to sp\u00f4sobujeme my sami. S\u00fa dni, kedy je toho ve\u013ea &#8211; ve\u013ea <a class=\"mh-excerpt-more\" href=\"http:\/\/skalickyobzor.sk\/cms\/tak-si-myslim-ze-niekedy-je-dobre-nic-si-nemysliet\/\" title=\"Tak si mysl\u00edm, \u017ee niekedy je dobr\u00e9 ni\u010d si nemyslie\u0165\">[&#8230;]<\/a><\/p>\n<\/div>","protected":false},"author":2,"featured_media":241,"comment_status":"closed","ping_status":"closed","sticky":false,"template":"","format":"standard","meta":{"footnotes":""},"categories":[3],"tags":[],"class_list":{"0":"post-823","1":"post","2":"type-post","3":"status-publish","4":"format-standard","5":"has-post-thumbnail","7":"category-tak-si-myslim"},"_links":{"self":[{"href":"http:\/\/skalickyobzor.sk\/cms\/wp-json\/wp\/v2\/posts\/823","targetHints":{"allow":["GET"]}}],"collection":[{"href":"http:\/\/skalickyobzor.sk\/cms\/wp-json\/wp\/v2\/posts"}],"about":[{"href":"http:\/\/skalickyobzor.sk\/cms\/wp-json\/wp\/v2\/types\/post"}],"author":[{"embeddable":true,"href":"http:\/\/skalickyobzor.sk\/cms\/wp-json\/wp\/v2\/users\/2"}],"replies":[{"embeddable":true,"href":"http:\/\/skalickyobzor.sk\/cms\/wp-json\/wp\/v2\/comments?post=823"}],"version-history":[{"count":1,"href":"http:\/\/skalickyobzor.sk\/cms\/wp-json\/wp\/v2\/posts\/823\/revisions"}],"predecessor-version":[{"id":824,"href":"http:\/\/skalickyobzor.sk\/cms\/wp-json\/wp\/v2\/posts\/823\/revisions\/824"}],"wp:featuredmedia":[{"embeddable":true,"href":"http:\/\/skalickyobzor.sk\/cms\/wp-json\/wp\/v2\/media\/241"}],"wp:attachment":[{"href":"http:\/\/skalickyobzor.sk\/cms\/wp-json\/wp\/v2\/media?parent=823"}],"wp:term":[{"taxonomy":"category","embeddable":true,"href":"http:\/\/skalickyobzor.sk\/cms\/wp-json\/wp\/v2\/categories?post=823"},{"taxonomy":"post_tag","embeddable":true,"href":"http:\/\/skalickyobzor.sk\/cms\/wp-json\/wp\/v2\/tags?post=823"}],"curies":[{"name":"wp","href":"https:\/\/api.w.org\/{rel}","templated":true}]}}