{"id":981,"date":"2018-07-07T23:28:47","date_gmt":"2018-07-07T21:28:47","guid":{"rendered":"http:\/\/skalickyobzor.sk\/cms\/?p=981"},"modified":"2018-07-07T23:28:47","modified_gmt":"2018-07-07T21:28:47","slug":"komunikuje-mesto-s-obcanmi","status":"publish","type":"post","link":"http:\/\/skalickyobzor.sk\/cms\/komunikuje-mesto-s-obcanmi\/","title":{"rendered":"Komunikuje mesto s ob\u010danmi?"},"content":{"rendered":"<p><strong>V\u00a0septembri minul\u00e9ho roku prim\u00e1tor mesta \u013dudov\u00edt Bar\u00e1t ozn\u00e1mil za\u010diatok vyd\u00e1vania mesa\u010dn\u00edka Skalick\u00fd press. Vyd\u00e1vanie mesa\u010dn\u00edka, ktor\u00fd u\u017e dlh\u0161\u00ed \u010das v\u00a0meste ch\u00fdbal, v\u00e4\u010d\u0161ina Skali\u010danov uv\u00edtala. Uv\u00edtala ho s\u00a0vedom\u00edm, \u017ee ako prim\u00e1tor nap\u00edsal:<\/strong> \u201e&#8230; tla\u010den\u00fdm m\u00e9diom dopln\u00edme mo\u017enos\u0165 informova\u0165 v\u0161etk\u00fdch na\u0161ich ob\u010danov a\u00a0t\u00fdch, ktor\u00ed z\u00a0ak\u00e9hoko\u013evek d\u00f4vodu nevyu\u017e\u00edvaj\u00fa elektronick\u00fa formu komunik\u00e1cie.\u201c <strong>Je v\u0161ak t\u00e1to funkcia nov\u00e9ho periodika dostato\u010dne naplnen\u00e1?<\/strong><\/p>\n<h3>O\u00a0JAM\u00c1CH A\u00a0\u013dU\u010eOCH<\/h3>\n<p>Ur\u010dite si viacej ob\u010danov v\u0161imlo, \u017ee Skalica je na nieko\u013ek\u00fdch miestach rozkopan\u00e1. Ke\u010f\u017ee tieto v\u00fdkopy ob\u010danov obmedzuj\u00fa a\u00a0nikde sme nena\u0161li oznam, ani inform\u00e1cie o\u00a0prebiehaj\u00facich pr\u00e1cach, sp\u00fdtala som sa na to priamo na meste, na oddelen\u00ed v\u00fdstavby. Dozvedela som sa, \u017ee ide o\u00a0pokladanie optick\u00e9ho k\u00e1bla a\u00a0\u010fal\u0161ie upres\u0148uj\u00face inform\u00e1cie. Okrem in\u00e9ho n\u00e1s upozornili, \u017ee oznam bol pod\u013ea z\u00e1kona uverejnen\u00fd na str\u00e1nkach mesta. Nie v\u0161ak na \u201e\u00daradnej tabuli\u201c, ako sme \u010dakali a\u00a0h\u013eadali, ale v\u00a0\u010dasti \u201eDoprava\u201c. Z\u00e1konom u\u017e toti\u017e nie je dan\u00e9, kde je treba inform\u00e1cie uverej\u0148ova\u0165.<\/p>\n<h3>TREBA DOBR\u00da V\u00d4\u013dU, NIELEN Z\u00c1KON<\/h3>\n<p>Osobne si mysl\u00edm, \u017ee cie\u013eom nie je len dodr\u017ea\u0165 z\u00e1kon, ale sna\u017ei\u0165 sa \u013eud\u00ed upozorni\u0165 na probl\u00e9m, ktor\u00fd sa ich dot\u00fdka. Varova\u0165 ich a\u00a0u\u013eah\u010di\u0165 im \u017eivot. Navy\u0161e \u2013 ako \u010dlovek vie, \u017ee m\u00e1 po nie\u010dom p\u00e1tra\u0165, ke\u010f nevie, \u017ee sa nie\u010do chyst\u00e1? Chce to len dobr\u00fa v\u00f4\u013eu, aby sa ob\u010dan dostal k\u00a0inform\u00e1cii \u010do najjednoduch\u0161ie a\u00a0\u010do najistej\u0161ie. Mo\u017eno to in\u00ed ob\u010dania robia, ale ja osobne nechod\u00edm na str\u00e1nky mesta denne a\u00a0u\u017e v\u00f4bec neprech\u00e1dzam v\u0161etky sekcie, \u010di ma niekde ne\u010dak\u00e1 oznam, ktor\u00fd by sa ma t\u00fdkal. Prejavom ochoty skuto\u010dne informova\u0165 ob\u010danov, by mohlo by\u0165 zverej\u0148ovanie oznamov<\/p>\n<ul>\n<li>na internete v\u00a0sekcii \u201e\u00daradn\u00e1 tabu\u013ea\u201c alebo vytvori\u0165 sekciu \u201eOznamy ob\u010danom\u201c,<\/li>\n<li>na facebookov\u00fdch str\u00e1nkach mesta a<\/li>\n<li>v\u00a0Skalickom presse.<\/li>\n<\/ul>\n<p>Predsa v\u0161etci dost\u00e1vame Skalick\u00fd press do schr\u00e1nok \u201ezadarmo\u201c,\u00a0tak by mal plni\u0165 \u00falohu, ktor\u00fa prim\u00e1tor formuloval v\u00a0\u00favode. \u00dalohu informova\u0165 ob\u010danov a\u00a0nielen o\u00a0tom, \u010do sa v\u00a0meste udialo, ale aj uverej\u0148ova\u0165 oznamy pre ob\u010danov, ktor\u00e9 s\u00fa pre jeho \u017eivot azda aj d\u00f4le\u017eitej\u0161ie.<br \/>\nKe\u010f\u017ee prim\u00e1tor vyz\u00fdval &#8211; citujem: \u201ePriv\u00edtame va\u0161e podnety i\u00a0pripomienky &#8230;\u201c, za\u0161leme n\u00e1\u0161 <strong>podnet na zriadenie rubriky OZNAMY OB\u010cANOM<\/strong> (podobne ako s\u00fa Pozv\u00e1nky, Z\u00a0matriky, Kr\u00e1tke spr\u00e1vy \u010di \u0160port).<\/p>\n<h3>SKALICK\u00dd PRESS SI PLATIA OB\u010cANIA<\/h3>\n<p>Tak ako prim\u00e1tor nap\u00edsal: \u201eVer\u00edm, \u017ee sa Press stane d\u00f4le\u017eit\u00fdm komunika\u010dn\u00fdch prostriedkom, \u017ee sa k\u00a0v\u00e1m dostane \u010do najviac inform\u00e1ci\u00ed a\u00a0budete prostredn\u00edctvom neho v\u017edy a\u00a0o\u00a0v\u0161etkom, \u010do sa v\u00a0na\u0161om meste deje, vedie\u0165\u201c, i\u00a0my ver\u00edme, \u017ee to naozaj tak bude. Ve\u010f Skalick\u00fd press si plat\u00edme my v\u0161etci a\u00a0mal by sl\u00fa\u017ei\u0165 n\u00e1m.<\/p>\n","protected":false},"excerpt":{"rendered":"<div class=\"mh-excerpt\"><p>V\u00a0septembri minul\u00e9ho roku prim\u00e1tor mesta \u013dudov\u00edt Bar\u00e1t ozn\u00e1mil za\u010diatok vyd\u00e1vania mesa\u010dn\u00edka Skalick\u00fd press. Vyd\u00e1vanie mesa\u010dn\u00edka, ktor\u00fd u\u017e dlh\u0161\u00ed \u010das v\u00a0meste ch\u00fdbal, v\u00e4\u010d\u0161ina Skali\u010danov uv\u00edtala. Uv\u00edtala ho s\u00a0vedom\u00edm, \u017ee ako prim\u00e1tor nap\u00edsal: \u201e&#8230; tla\u010den\u00fdm m\u00e9diom dopln\u00edme <a class=\"mh-excerpt-more\" href=\"http:\/\/skalickyobzor.sk\/cms\/komunikuje-mesto-s-obcanmi\/\" title=\"Komunikuje mesto s ob\u010danmi?\">[&#8230;]<\/a><\/p>\n<\/div>","protected":false},"author":2,"featured_media":17,"comment_status":"closed","ping_status":"closed","sticky":false,"template":"","format":"standard","meta":{"footnotes":""},"categories":[5],"tags":[],"class_list":{"0":"post-981","1":"post","2":"type-post","3":"status-publish","4":"format-standard","5":"has-post-thumbnail","7":"category-toto-sa-nas-tyka"},"_links":{"self":[{"href":"http:\/\/skalickyobzor.sk\/cms\/wp-json\/wp\/v2\/posts\/981","targetHints":{"allow":["GET"]}}],"collection":[{"href":"http:\/\/skalickyobzor.sk\/cms\/wp-json\/wp\/v2\/posts"}],"about":[{"href":"http:\/\/skalickyobzor.sk\/cms\/wp-json\/wp\/v2\/types\/post"}],"author":[{"embeddable":true,"href":"http:\/\/skalickyobzor.sk\/cms\/wp-json\/wp\/v2\/users\/2"}],"replies":[{"embeddable":true,"href":"http:\/\/skalickyobzor.sk\/cms\/wp-json\/wp\/v2\/comments?post=981"}],"version-history":[{"count":3,"href":"http:\/\/skalickyobzor.sk\/cms\/wp-json\/wp\/v2\/posts\/981\/revisions"}],"predecessor-version":[{"id":984,"href":"http:\/\/skalickyobzor.sk\/cms\/wp-json\/wp\/v2\/posts\/981\/revisions\/984"}],"wp:featuredmedia":[{"embeddable":true,"href":"http:\/\/skalickyobzor.sk\/cms\/wp-json\/wp\/v2\/media\/17"}],"wp:attachment":[{"href":"http:\/\/skalickyobzor.sk\/cms\/wp-json\/wp\/v2\/media?parent=981"}],"wp:term":[{"taxonomy":"category","embeddable":true,"href":"http:\/\/skalickyobzor.sk\/cms\/wp-json\/wp\/v2\/categories?post=981"},{"taxonomy":"post_tag","embeddable":true,"href":"http:\/\/skalickyobzor.sk\/cms\/wp-json\/wp\/v2\/tags?post=981"}],"curies":[{"name":"wp","href":"https:\/\/api.w.org\/{rel}","templated":true}]}}