{"id":988,"date":"2018-07-07T23:28:14","date_gmt":"2018-07-07T21:28:14","guid":{"rendered":"http:\/\/skalickyobzor.sk\/cms\/?p=988"},"modified":"2018-07-07T23:28:14","modified_gmt":"2018-07-07T21:28:14","slug":"kaleidoskop-9","status":"publish","type":"post","link":"http:\/\/skalickyobzor.sk\/cms\/kaleidoskop-9\/","title":{"rendered":"Kaleidoskop"},"content":{"rendered":"<figure id=\"attachment_1036\" aria-describedby=\"caption-attachment-1036\" style=\"width: 352px\" class=\"wp-caption aligncenter\"><img loading=\"lazy\" decoding=\"async\" class=\"size-mh-magazine-content wp-image-1036\" src=\"http:\/\/skalickyobzor.sk\/cms\/wp-content\/uploads\/2018\/07\/kaleidoskop_jul2-352x381.jpg\" alt=\"\" width=\"352\" height=\"381\" \/><figcaption id=\"caption-attachment-1036\" class=\"wp-caption-text\">TRDLOFEST \u2013 Franti\u0161k\u00e1nska z\u00e1hrada | 19. 5. 2018<br \/>Foto: Milan Kubi\u0161<\/figcaption><\/figure>\n<figure id=\"attachment_1037\" aria-describedby=\"caption-attachment-1037\" style=\"width: 531px\" class=\"wp-caption aligncenter\"><img loading=\"lazy\" decoding=\"async\" class=\"size-full wp-image-1037\" src=\"http:\/\/skalickyobzor.sk\/cms\/wp-content\/uploads\/2018\/07\/kaleidoskop_jul3.jpg\" alt=\"\" width=\"531\" height=\"355\" srcset=\"http:\/\/skalickyobzor.sk\/cms\/wp-content\/uploads\/2018\/07\/kaleidoskop_jul3.jpg 531w, http:\/\/skalickyobzor.sk\/cms\/wp-content\/uploads\/2018\/07\/kaleidoskop_jul3-300x201.jpg 300w\" sizes=\"auto, (max-width: 531px) 100vw, 531px\" \/><figcaption id=\"caption-attachment-1037\" class=\"wp-caption-text\">TANE\u010cN\u00dd DOM SO SKALI\u010cANOM \u2013 u\u010d\u00edme sa tancova\u0165 | 25. 5. 2018<br \/>Foto: Samuel Timko<\/figcaption><\/figure>\n<figure id=\"attachment_1040\" aria-describedby=\"caption-attachment-1040\" style=\"width: 531px\" class=\"wp-caption aligncenter\"><img loading=\"lazy\" decoding=\"async\" class=\"wp-image-1040 size-full\" src=\"http:\/\/skalickyobzor.sk\/cms\/wp-content\/uploads\/2018\/07\/kaleidoskop_jul6.jpg\" alt=\"\" width=\"531\" height=\"355\" srcset=\"http:\/\/skalickyobzor.sk\/cms\/wp-content\/uploads\/2018\/07\/kaleidoskop_jul6.jpg 531w, http:\/\/skalickyobzor.sk\/cms\/wp-content\/uploads\/2018\/07\/kaleidoskop_jul6-300x201.jpg 300w\" sizes=\"auto, (max-width: 531px) 100vw, 531px\" \/><figcaption id=\"caption-attachment-1040\" class=\"wp-caption-text\">TANE\u010cN\u00dd DOM SO SKALI\u010cANOM \u2013 u\u010d\u00edme sa tancova\u0165 | 25. 5. 2018<br \/>Foto: Samuel Timko<\/figcaption><\/figure>\n<figure id=\"attachment_1041\" aria-describedby=\"caption-attachment-1041\" style=\"width: 531px\" class=\"wp-caption aligncenter\"><img loading=\"lazy\" decoding=\"async\" class=\"wp-image-1041 size-full\" src=\"http:\/\/skalickyobzor.sk\/cms\/wp-content\/uploads\/2018\/07\/kaleidoskop_jul7.jpg\" alt=\"\" width=\"531\" height=\"355\" srcset=\"http:\/\/skalickyobzor.sk\/cms\/wp-content\/uploads\/2018\/07\/kaleidoskop_jul7.jpg 531w, http:\/\/skalickyobzor.sk\/cms\/wp-content\/uploads\/2018\/07\/kaleidoskop_jul7-300x201.jpg 300w\" sizes=\"auto, (max-width: 531px) 100vw, 531px\" \/><figcaption id=\"caption-attachment-1041\" class=\"wp-caption-text\">TANE\u010cN\u00dd DOM SO SKALI\u010cANOM \u2013 u\u010d\u00edme sa tancova\u0165 | 25. 5. 2018<br \/>Foto: Samuel Timko<\/figcaption><\/figure>\n<figure id=\"attachment_1038\" aria-describedby=\"caption-attachment-1038\" style=\"width: 531px\" class=\"wp-caption aligncenter\"><img loading=\"lazy\" decoding=\"async\" class=\"size-mh-magazine-content wp-image-1038\" src=\"http:\/\/skalickyobzor.sk\/cms\/wp-content\/uploads\/2018\/07\/kaleidoskop_jul4-531x381.jpg\" alt=\"\" width=\"531\" height=\"381\" \/><figcaption id=\"caption-attachment-1038\" class=\"wp-caption-text\">VE SKALICI NA HURB\u00c1NKA \u2013 Skalick\u00fd h\u00e1jek | 27. 5. 2018<br \/>Foto: J\u00e1n Pardubsk\u00fd<\/figcaption><\/figure>\n<figure id=\"attachment_1039\" aria-describedby=\"caption-attachment-1039\" style=\"width: 283px\" class=\"wp-caption aligncenter\"><img loading=\"lazy\" decoding=\"async\" class=\"size-full wp-image-1039\" src=\"http:\/\/skalickyobzor.sk\/cms\/wp-content\/uploads\/2018\/07\/kaleidoskop_jul5.jpg\" alt=\"\" width=\"283\" height=\"378\" srcset=\"http:\/\/skalickyobzor.sk\/cms\/wp-content\/uploads\/2018\/07\/kaleidoskop_jul5.jpg 283w, http:\/\/skalickyobzor.sk\/cms\/wp-content\/uploads\/2018\/07\/kaleidoskop_jul5-225x300.jpg 225w\" sizes=\"auto, (max-width: 283px) 100vw, 283px\" \/><figcaption id=\"caption-attachment-1039\" class=\"wp-caption-text\">VE SKALICI NA HURB\u00c1NKA \u2013 Skalick\u00fd h\u00e1jek | 27. 5. 2018<br \/>Foto: J\u00e1n Pardubsk\u00fd<\/figcaption><\/figure>\n<figure id=\"attachment_1042\" aria-describedby=\"caption-attachment-1042\" style=\"width: 532px\" class=\"wp-caption aligncenter\"><img loading=\"lazy\" decoding=\"async\" class=\"size-full wp-image-1042\" src=\"http:\/\/skalickyobzor.sk\/cms\/wp-content\/uploads\/2018\/07\/kaleidoskop_jul8.jpg\" alt=\"\" width=\"532\" height=\"352\" srcset=\"http:\/\/skalickyobzor.sk\/cms\/wp-content\/uploads\/2018\/07\/kaleidoskop_jul8.jpg 532w, http:\/\/skalickyobzor.sk\/cms\/wp-content\/uploads\/2018\/07\/kaleidoskop_jul8-300x198.jpg 300w\" sizes=\"auto, (max-width: 532px) 100vw, 532px\" \/><figcaption id=\"caption-attachment-1042\" class=\"wp-caption-text\">FESTIVAL DETSK\u00ddCH TALENTOV \u2013 Kult\u00farny dom | 31. 5. 2018<br \/>Foto: Milan Kubi\u0161<\/figcaption><\/figure>\n<figure id=\"attachment_1043\" aria-describedby=\"caption-attachment-1043\" style=\"width: 531px\" class=\"wp-caption aligncenter\"><img loading=\"lazy\" decoding=\"async\" class=\"size-full wp-image-1043\" src=\"http:\/\/skalickyobzor.sk\/cms\/wp-content\/uploads\/2018\/07\/kaleidoskop_jul9.jpg\" alt=\"\" width=\"531\" height=\"299\" srcset=\"http:\/\/skalickyobzor.sk\/cms\/wp-content\/uploads\/2018\/07\/kaleidoskop_jul9.jpg 531w, http:\/\/skalickyobzor.sk\/cms\/wp-content\/uploads\/2018\/07\/kaleidoskop_jul9-300x169.jpg 300w\" sizes=\"auto, (max-width: 531px) 100vw, 531px\" \/><figcaption id=\"caption-attachment-1043\" class=\"wp-caption-text\">FESTIVAL DETSK\u00ddCH TALENTOV \u2013 Kult\u00farny dom | 31. 5. 2018<br \/>Foto: Radovan Blaha<\/figcaption><\/figure>\n<figure id=\"attachment_1046\" aria-describedby=\"caption-attachment-1046\" style=\"width: 531px\" class=\"wp-caption aligncenter\"><img loading=\"lazy\" decoding=\"async\" class=\"size-full wp-image-1046\" src=\"http:\/\/skalickyobzor.sk\/cms\/wp-content\/uploads\/2018\/07\/kaleidoskop_jul12.jpg\" alt=\"\" width=\"531\" height=\"355\" srcset=\"http:\/\/skalickyobzor.sk\/cms\/wp-content\/uploads\/2018\/07\/kaleidoskop_jul12.jpg 531w, http:\/\/skalickyobzor.sk\/cms\/wp-content\/uploads\/2018\/07\/kaleidoskop_jul12-300x201.jpg 300w\" sizes=\"auto, (max-width: 531px) 100vw, 531px\" \/><figcaption id=\"caption-attachment-1046\" class=\"wp-caption-text\">ABSOLVENTSK\u00dd KONCERT ZU\u0160 | 31. 5. 2018<br \/>Foto: J\u00e1n Pardubsk\u00fd<\/figcaption><\/figure>\n<figure id=\"attachment_1044\" aria-describedby=\"caption-attachment-1044\" style=\"width: 531px\" class=\"wp-caption aligncenter\"><img loading=\"lazy\" decoding=\"async\" class=\"size-full wp-image-1044\" src=\"http:\/\/skalickyobzor.sk\/cms\/wp-content\/uploads\/2018\/07\/kaleidoskop_jul10.jpg\" alt=\"\" width=\"531\" height=\"355\" srcset=\"http:\/\/skalickyobzor.sk\/cms\/wp-content\/uploads\/2018\/07\/kaleidoskop_jul10.jpg 531w, http:\/\/skalickyobzor.sk\/cms\/wp-content\/uploads\/2018\/07\/kaleidoskop_jul10-300x201.jpg 300w\" sizes=\"auto, (max-width: 531px) 100vw, 531px\" \/><figcaption id=\"caption-attachment-1044\" class=\"wp-caption-text\">ABSOLVENTSK\u00dd KONCERT ZU\u0160 | 31. 5. 2018<br \/>Foto: J\u00e1n Pardubsk\u00fd<\/figcaption><\/figure>\n<figure id=\"attachment_1045\" aria-describedby=\"caption-attachment-1045\" style=\"width: 443px\" class=\"wp-caption aligncenter\"><img loading=\"lazy\" decoding=\"async\" class=\"size-mh-magazine-content wp-image-1045\" src=\"http:\/\/skalickyobzor.sk\/cms\/wp-content\/uploads\/2018\/07\/kaleidoskop_jul11-443x381.jpg\" alt=\"\" width=\"443\" height=\"381\" \/><figcaption id=\"caption-attachment-1045\" class=\"wp-caption-text\">VIA HUMANA \u2013 2. miesto v celoslovenskom fin\u00e1le<br \/>jazykovo-umeleckej s\u00fa\u0165a\u017ee | 1. 6. 2018<br \/>Foto: arch\u00edv VIA HUMANA<\/figcaption><\/figure>\n<figure id=\"attachment_1047\" aria-describedby=\"caption-attachment-1047\" style=\"width: 524px\" class=\"wp-caption aligncenter\"><img loading=\"lazy\" decoding=\"async\" class=\"size-full wp-image-1047\" src=\"http:\/\/skalickyobzor.sk\/cms\/wp-content\/uploads\/2018\/07\/kaleidoskop_jul13.jpg\" alt=\"\" width=\"524\" height=\"295\" srcset=\"http:\/\/skalickyobzor.sk\/cms\/wp-content\/uploads\/2018\/07\/kaleidoskop_jul13.jpg 524w, http:\/\/skalickyobzor.sk\/cms\/wp-content\/uploads\/2018\/07\/kaleidoskop_jul13-300x169.jpg 300w\" sizes=\"auto, (max-width: 524px) 100vw, 524px\" \/><figcaption id=\"caption-attachment-1047\" class=\"wp-caption-text\">Z\u0160 VAJANSK\u00c9HO \u2013 Rodi\u010dia de\u0165om v spolupr\u00e1ci so \u0161kolou | 1. 6. 2018<br \/>Foto: arch\u00edv Z\u0160 Vajansk\u00e9ho<\/figcaption><\/figure>\n<figure id=\"attachment_1048\" aria-describedby=\"caption-attachment-1048\" style=\"width: 538px\" class=\"wp-caption aligncenter\"><img loading=\"lazy\" decoding=\"async\" class=\"size-full wp-image-1048\" src=\"http:\/\/skalickyobzor.sk\/cms\/wp-content\/uploads\/2018\/07\/kaleidoskop_jul14.jpg\" alt=\"\" width=\"538\" height=\"303\" srcset=\"http:\/\/skalickyobzor.sk\/cms\/wp-content\/uploads\/2018\/07\/kaleidoskop_jul14.jpg 538w, http:\/\/skalickyobzor.sk\/cms\/wp-content\/uploads\/2018\/07\/kaleidoskop_jul14-300x169.jpg 300w\" sizes=\"auto, (max-width: 538px) 100vw, 538px\" \/><figcaption id=\"caption-attachment-1048\" class=\"wp-caption-text\">Z\u0160 VAJANSK\u00c9HO \u2013 Rodi\u010dia de\u0165om v spolupr\u00e1ci so \u0161kolou | 1. 6. 2018<br \/>Foto: arch\u00edv Z\u0160 Vajansk\u00e9ho<\/figcaption><\/figure>\n<figure id=\"attachment_1049\" aria-describedby=\"caption-attachment-1049\" style=\"width: 532px\" class=\"wp-caption aligncenter\"><img loading=\"lazy\" decoding=\"async\" class=\"size-full wp-image-1049\" src=\"http:\/\/skalickyobzor.sk\/cms\/wp-content\/uploads\/2018\/07\/kaleidoskop_jul15.jpg\" alt=\"\" width=\"532\" height=\"352\" srcset=\"http:\/\/skalickyobzor.sk\/cms\/wp-content\/uploads\/2018\/07\/kaleidoskop_jul15.jpg 532w, http:\/\/skalickyobzor.sk\/cms\/wp-content\/uploads\/2018\/07\/kaleidoskop_jul15-300x198.jpg 300w\" sizes=\"auto, (max-width: 532px) 100vw, 532px\" \/><figcaption id=\"caption-attachment-1049\" class=\"wp-caption-text\">FESTIVAL REMESIEL \u2013 n\u00e1mestie v Skalici | 2. 6. 2018<br \/>Foto: Milan Kubi\u0161<\/figcaption><\/figure>\n<figure id=\"attachment_1050\" aria-describedby=\"caption-attachment-1050\" style=\"width: 532px\" class=\"wp-caption aligncenter\"><img loading=\"lazy\" decoding=\"async\" class=\"size-full wp-image-1050\" src=\"http:\/\/skalickyobzor.sk\/cms\/wp-content\/uploads\/2018\/07\/kaleidoskop_jul16.jpg\" alt=\"\" width=\"532\" height=\"354\" srcset=\"http:\/\/skalickyobzor.sk\/cms\/wp-content\/uploads\/2018\/07\/kaleidoskop_jul16.jpg 532w, http:\/\/skalickyobzor.sk\/cms\/wp-content\/uploads\/2018\/07\/kaleidoskop_jul16-300x200.jpg 300w\" sizes=\"auto, (max-width: 532px) 100vw, 532px\" \/><figcaption id=\"caption-attachment-1050\" class=\"wp-caption-text\">VIA HUMANA \u2013 Maturanti kon\u010dili \u0161t\u00fadium | 2. 6. 2018<br \/>Foto: arch\u00edv VIA HUMANA<\/figcaption><\/figure>\n<figure id=\"attachment_1051\" aria-describedby=\"caption-attachment-1051\" style=\"width: 532px\" class=\"wp-caption aligncenter\"><img loading=\"lazy\" decoding=\"async\" class=\"size-full wp-image-1051\" src=\"http:\/\/skalickyobzor.sk\/cms\/wp-content\/uploads\/2018\/07\/kaleidoskop_jul17.jpg\" alt=\"\" width=\"532\" height=\"354\" srcset=\"http:\/\/skalickyobzor.sk\/cms\/wp-content\/uploads\/2018\/07\/kaleidoskop_jul17.jpg 532w, http:\/\/skalickyobzor.sk\/cms\/wp-content\/uploads\/2018\/07\/kaleidoskop_jul17-300x200.jpg 300w\" sizes=\"auto, (max-width: 532px) 100vw, 532px\" \/><figcaption id=\"caption-attachment-1051\" class=\"wp-caption-text\">DIVADLO \u2013 dramatick\u00e9ho kr\u00fa\u017eku ETC | 8. 6. 2018<br \/>Foto: arch\u00edv Klubu ETC<\/figcaption><\/figure>\n<figure id=\"attachment_1052\" aria-describedby=\"caption-attachment-1052\" style=\"width: 520px\" class=\"wp-caption aligncenter\"><img loading=\"lazy\" decoding=\"async\" class=\"size-mh-magazine-content wp-image-1052\" src=\"http:\/\/skalickyobzor.sk\/cms\/wp-content\/uploads\/2018\/07\/kaleidoskop_jul18-520x381.jpg\" alt=\"\" width=\"520\" height=\"381\" srcset=\"http:\/\/skalickyobzor.sk\/cms\/wp-content\/uploads\/2018\/07\/kaleidoskop_jul18-520x381.jpg 520w, http:\/\/skalickyobzor.sk\/cms\/wp-content\/uploads\/2018\/07\/kaleidoskop_jul18-80x60.jpg 80w\" sizes=\"auto, (max-width: 520px) 100vw, 520px\" \/><figcaption id=\"caption-attachment-1052\" class=\"wp-caption-text\">SZ\u0160 1. B \u2013 n\u00e1v\u0161teva v skl\u00e1rskej firme | 5. 6. 2018<br \/>Foto: arch\u00edv SZ\u0160<\/figcaption><\/figure>\n<figure id=\"attachment_1053\" aria-describedby=\"caption-attachment-1053\" style=\"width: 521px\" class=\"wp-caption aligncenter\"><img loading=\"lazy\" decoding=\"async\" class=\"size-full wp-image-1053\" src=\"http:\/\/skalickyobzor.sk\/cms\/wp-content\/uploads\/2018\/07\/kaleidoskop_jul19.jpg\" alt=\"\" width=\"521\" height=\"348\" srcset=\"http:\/\/skalickyobzor.sk\/cms\/wp-content\/uploads\/2018\/07\/kaleidoskop_jul19.jpg 521w, http:\/\/skalickyobzor.sk\/cms\/wp-content\/uploads\/2018\/07\/kaleidoskop_jul19-300x200.jpg 300w\" sizes=\"auto, (max-width: 521px) 100vw, 521px\" \/><figcaption id=\"caption-attachment-1053\" class=\"wp-caption-text\">JOGA S \u010eETMI \u2013 klub ETC | 11. 6. 2018<br \/>Foto: Ji\u0159\u00ed Wagner<\/figcaption><\/figure>\n<figure id=\"attachment_1054\" aria-describedby=\"caption-attachment-1054\" style=\"width: 531px\" class=\"wp-caption aligncenter\"><img loading=\"lazy\" decoding=\"async\" class=\"size-full wp-image-1054\" src=\"http:\/\/skalickyobzor.sk\/cms\/wp-content\/uploads\/2018\/07\/kaleidoskop_jul20.jpg\" alt=\"\" width=\"531\" height=\"355\" srcset=\"http:\/\/skalickyobzor.sk\/cms\/wp-content\/uploads\/2018\/07\/kaleidoskop_jul20.jpg 531w, http:\/\/skalickyobzor.sk\/cms\/wp-content\/uploads\/2018\/07\/kaleidoskop_jul20-300x201.jpg 300w\" sizes=\"auto, (max-width: 531px) 100vw, 531px\" \/><figcaption id=\"caption-attachment-1054\" class=\"wp-caption-text\">SVIATOK BO\u017dSK\u00c9HO SRDCA \u2013 procesia | 11. 6. 2018<br \/>Foto: J\u00e1n Pardubsk\u00fd<\/figcaption><\/figure>\n","protected":false},"excerpt":{"rendered":"<div class=\"mh-excerpt\"><\/div>","protected":false},"author":1,"featured_media":1035,"comment_status":"closed","ping_status":"closed","sticky":false,"template":"","format":"standard","meta":{"footnotes":""},"categories":[6],"tags":[],"class_list":{"0":"post-988","1":"post","2":"type-post","3":"status-publish","4":"format-standard","5":"has-post-thumbnail","7":"category-kaleidoskop"},"_links":{"self":[{"href":"http:\/\/skalickyobzor.sk\/cms\/wp-json\/wp\/v2\/posts\/988","targetHints":{"allow":["GET"]}}],"collection":[{"href":"http:\/\/skalickyobzor.sk\/cms\/wp-json\/wp\/v2\/posts"}],"about":[{"href":"http:\/\/skalickyobzor.sk\/cms\/wp-json\/wp\/v2\/types\/post"}],"author":[{"embeddable":true,"href":"http:\/\/skalickyobzor.sk\/cms\/wp-json\/wp\/v2\/users\/1"}],"replies":[{"embeddable":true,"href":"http:\/\/skalickyobzor.sk\/cms\/wp-json\/wp\/v2\/comments?post=988"}],"version-history":[{"count":8,"href":"http:\/\/skalickyobzor.sk\/cms\/wp-json\/wp\/v2\/posts\/988\/revisions"}],"predecessor-version":[{"id":1062,"href":"http:\/\/skalickyobzor.sk\/cms\/wp-json\/wp\/v2\/posts\/988\/revisions\/1062"}],"wp:featuredmedia":[{"embeddable":true,"href":"http:\/\/skalickyobzor.sk\/cms\/wp-json\/wp\/v2\/media\/1035"}],"wp:attachment":[{"href":"http:\/\/skalickyobzor.sk\/cms\/wp-json\/wp\/v2\/media?parent=988"}],"wp:term":[{"taxonomy":"category","embeddable":true,"href":"http:\/\/skalickyobzor.sk\/cms\/wp-json\/wp\/v2\/categories?post=988"},{"taxonomy":"post_tag","embeddable":true,"href":"http:\/\/skalickyobzor.sk\/cms\/wp-json\/wp\/v2\/tags?post=988"}],"curies":[{"name":"wp","href":"https:\/\/api.w.org\/{rel}","templated":true}]}}