{"id":998,"date":"2018-07-07T23:28:32","date_gmt":"2018-07-07T21:28:32","guid":{"rendered":"http:\/\/skalickyobzor.sk\/cms\/?p=998"},"modified":"2020-11-24T16:28:35","modified_gmt":"2020-11-24T15:28:35","slug":"skalicke-ulice-vrchovskeho","status":"publish","type":"post","link":"http:\/\/skalickyobzor.sk\/cms\/skalicke-ulice-vrchovskeho\/","title":{"rendered":"Skalick\u00e9 ulice &#8211; Vrchovsk\u00e9ho"},"content":{"rendered":"<p><strong>V\u00a0rubrike Skalick\u00e9 ulice predstavujeme \u010ditate\u013eom historick\u00e9 osobnosti, pod\u013ea ktor\u00fdch s\u00fa pomenovan\u00e9 ulice v\u00a0na\u0161om meste. Pokra\u010dujeme Vrchovsk\u00e9ho ulicou, ktor\u00e1 na jednej strane sused\u00ed so Str\u00e1\u017enickou ulicou, na druhej strane so Such\u00fdm riadkom. Kto bol, teda, Alexander Boleslav\u00edn Vrchovsk\u00fd?<\/strong><\/p>\n<p>Alexander Boleslav\u00edn Vrchovsk\u00fd (*20. okt\u00f3bra 1812 \u2013 \u20201865), v\u00fdznamn\u00fd predstavite\u013e \u0161t\u00farovsk\u00e9ho hnutia, zakladate\u013e (spolu so \u0160t\u00farom) bratislavskej Spolo\u010dnosti a\u00a0tajn\u00e9ho spolku Vz\u00e1jomnos\u0165, poch\u00e1dzal z\u00a0vlasteneckej rodiny skalick\u00fdch s\u00fakenn\u00edkov. \u0160tudoval v\u00a0Skalici, Kom\u00e1rne, Bratislave a\u00a0napokon pr\u00e1vo vo Viedni. Ako advok\u00e1tsky koncipient sa v\u00a0Bratislave stal du\u0161ou hnutia slovenskej ml\u00e1de\u017ee a\u00a0inteligencie, propag\u00e1torom franc\u00fazskej a\u00a0po\u013eskej revol\u00facie. Ne\u010dudo, \u017ee si z\u00edskal ve\u013ek\u00e9 sympatie n\u00e1rodne zm\u00fd\u0161\u013eaj\u00facich mlad\u00fdch \u013eud\u00ed. Sved\u010dia o\u00a0tom slov\u00e1 J. M. Hurbana, ktor\u00e9 nap\u00edsal na jeho adresu: \u201e<em>Vrchovsk\u00fd je kr\u00e1sny mlado\u0148 n\u00edzkej postavy, belas\u00fdch, jasn\u00fdch ve\u013ek\u00fdch o\u010d\u00fa, ku\u010derav\u00fdch ga\u0161tanov\u00fdch vlasov, okr\u00fahlej tv\u00e1ri mliekom om\u00fdvanej, ru\u017eami vykladanej, v\u00fdmluvnosti ok\u00faz\u013euj\u00facej a\u00a0pln\u00fd nad\u0161enia.<\/em>\u201c V\u00a0roku 1837 odi\u0161iel Vrchovsk\u00fd do Pe\u0161ti, kde si nesk\u00f4r, po zlo\u017een\u00ed advok\u00e1tskej sk\u00fa\u0161ky, otvoril advok\u00e1tsku kancel\u00e1riu. V\u00a0tom \u010dase pri\u0161lo na jeho podnet aj k\u00a0reorganiz\u00e1cii \u00dastavu \u010deskoslovenskej re\u010di a\u00a0literat\u00fary. Pod stup\u0148uj\u00facim sa \u0161ovinistick\u00fdm tlakom na \u00fastav sa \u0160t\u00far obr\u00e1til na vern\u00e9ho priate\u013ea s\u00a0b\u00e1s\u0148ou Boleslav\u00ednovi, v\u00a0ktorej obraz lipy symbolizuje \u00fastav a\u00a0Slovanstvo. B\u00e1se\u0148 vy\u0161la v\u00a0Kv\u011btoch roku 1843 (\u00faryvok):<\/p>\n<p><em>Boleslav\u00edne, pomn\u00ed\u0161 na ta l\u00e9ta,<\/em><br \/>\n<em>kdy jsme pod lipou spolu sed\u00e1vali<\/em><br \/>\n<em>a\u00a0z\u00a0lipy st\u00ednu do \u0161\u00edreho sv\u011bta,<\/em><br \/>\n<em>jak se ot\u00e1\u010d\u00ed, hem\u017e\u00ed, pat\u0159\u00edvali?<\/em><br \/>\n<em>V\u00a0m\u00e9 ona mysli jako olt\u00e1\u0159 v\u00a0chr\u00e1m\u011b;<\/em><br \/>\n<em>je\u0161t\u011b n\u00e1s v\u00edd\u00e1m, jak tam posed\u00e1me.<\/em><\/p>\n<p>Z\u00a0Pe\u0161ti otv\u00e1ral okn\u00e1 do sveta viacer\u00fdm \u0161t\u00farovcom, niektor\u00fdm pom\u00e1hal dosta\u0165 sa z\u00a0hmotnej n\u00fadze (Jankovi Kr\u00e1\u013eovi, J\u00e1novi Franciscimu a\u00a0\u0160tefanovi M. Daxnerovi), \u0161tedro podporoval kult\u00farne a\u00a0politick\u00e9 podujatia v\u00a0slovenskom n\u00e1rodnom \u017eivote. Ako koncipient u\u0148ho pracoval i\u00a0M\u00f3r J\u00f3kali, ktor\u00fd Vrchovsk\u00e9ho zobrazil v\u00a0rom\u00e1ne Ma\u010farsk\u00fd nabob v\u00a0postave advok\u00e1ta z\u00a0Malaciek.<br \/>\nV\u00a0\u0161es\u0165desiatych rokoch 19. storo\u010dia sa pustil do pov\u00e1\u017eliv\u00fdch obchodn\u00fdch transakci\u00ed a\u00a0pod \u0165archou finan\u010dn\u00fdch probl\u00e9mov sa rozhodol ukon\u010di\u0165 svoj \u017eivot v\u00a0Dunaji v\u00a0m\u00e1ji 1865. Jeho m\u0155tvolu na\u0161li 16. m\u00e1ja ne\u010faleko Ostrihomu.<br \/>\nAlexander Boleslav\u00edn Vrchovsk\u00fd je nepr\u00e1vom zab\u00fadan\u00fd ve\u013ek\u00fd syn Skalice a\u00a0Z\u00e1horia.<\/p>\n","protected":false},"excerpt":{"rendered":"<div class=\"mh-excerpt\"><p>V\u00a0rubrike Skalick\u00e9 ulice predstavujeme \u010ditate\u013eom historick\u00e9 osobnosti, pod\u013ea ktor\u00fdch s\u00fa pomenovan\u00e9 ulice v\u00a0na\u0161om meste. Pokra\u010dujeme Vrchovsk\u00e9ho ulicou, ktor\u00e1 na jednej strane sused\u00ed so Str\u00e1\u017enickou ulicou, na druhej strane so Such\u00fdm riadkom. Kto bol, teda, Alexander <a class=\"mh-excerpt-more\" href=\"http:\/\/skalickyobzor.sk\/cms\/skalicke-ulice-vrchovskeho\/\" title=\"Skalick\u00e9 ulice &#8211; Vrchovsk\u00e9ho\">[&#8230;]<\/a><\/p>\n<\/div>","protected":false},"author":16,"featured_media":17,"comment_status":"closed","ping_status":"closed","sticky":false,"template":"","format":"standard","meta":{"footnotes":""},"categories":[24],"tags":[],"class_list":{"0":"post-998","1":"post","2":"type-post","3":"status-publish","4":"format-standard","5":"has-post-thumbnail","7":"category-skalicke-ulice"},"_links":{"self":[{"href":"http:\/\/skalickyobzor.sk\/cms\/wp-json\/wp\/v2\/posts\/998","targetHints":{"allow":["GET"]}}],"collection":[{"href":"http:\/\/skalickyobzor.sk\/cms\/wp-json\/wp\/v2\/posts"}],"about":[{"href":"http:\/\/skalickyobzor.sk\/cms\/wp-json\/wp\/v2\/types\/post"}],"author":[{"embeddable":true,"href":"http:\/\/skalickyobzor.sk\/cms\/wp-json\/wp\/v2\/users\/16"}],"replies":[{"embeddable":true,"href":"http:\/\/skalickyobzor.sk\/cms\/wp-json\/wp\/v2\/comments?post=998"}],"version-history":[{"count":3,"href":"http:\/\/skalickyobzor.sk\/cms\/wp-json\/wp\/v2\/posts\/998\/revisions"}],"predecessor-version":[{"id":1001,"href":"http:\/\/skalickyobzor.sk\/cms\/wp-json\/wp\/v2\/posts\/998\/revisions\/1001"}],"wp:featuredmedia":[{"embeddable":true,"href":"http:\/\/skalickyobzor.sk\/cms\/wp-json\/wp\/v2\/media\/17"}],"wp:attachment":[{"href":"http:\/\/skalickyobzor.sk\/cms\/wp-json\/wp\/v2\/media?parent=998"}],"wp:term":[{"taxonomy":"category","embeddable":true,"href":"http:\/\/skalickyobzor.sk\/cms\/wp-json\/wp\/v2\/categories?post=998"},{"taxonomy":"post_tag","embeddable":true,"href":"http:\/\/skalickyobzor.sk\/cms\/wp-json\/wp\/v2\/tags?post=998"}],"curies":[{"name":"wp","href":"https:\/\/api.w.org\/{rel}","templated":true}]}}